{"id":48874,"date":"2019-02-18T19:52:03","date_gmt":"2019-02-18T19:52:03","guid":{"rendered":"https:\/\/colimdo.org\/?p=48874"},"modified":"2019-02-18T19:52:03","modified_gmt":"2019-02-18T19:52:03","slug":"la-acd-anuncia-celebracion-90-anos-fundada","status":"publish","type":"post","link":"https:\/\/colimdo.org\/noticias\/la-acd-anuncia-celebracion-90-anos-fundada\/","title":{"rendered":"La ACD anuncia celebraci\u00f3n de 90 a\u00f1os de fundada"},"content":{"rendered":"<p style=\"font-weight: 400;\">SANTO DOMINGO.- El Consejo Ejecutivo de la Asociaci\u00f3n de Cronistas Deportivos de Santo Domingo (ACD) anunci\u00f3 para el pr\u00f3ximo d\u00eda 9 de marzo, el inicio de la semana aniversario de la instituci\u00f3n, fundada en 1929 y que agrupa a los comunicadores de la capital, especializados en deportes.<\/p>\n<p style=\"font-weight: 400;\">\u00a0Por medio de un despacho de prensa, el periodista Ram\u00f3n Cuello Segura, presidente de la instituci\u00f3n, ha dado a conocer que los festejos del 90 aniversario de la ACD, dar\u00e1n inicio con el dep\u00f3sito de una ofrenda floral en el Altar de la Patria del Parque Independencia, en la ciudad capital.<\/p>\n<p style=\"font-weight: 400;\">\u201cAdem\u00e1s, para esa misma fecha hemos pautado ofrecer una misa en el local de nuestra benem\u00e9rita instituci\u00f3n, ubicado en la calle la Atarazana, en la Zona Colonial\u201d, agreg\u00f3 Cuello.<\/p>\n<p style=\"font-weight: 400;\">El alto ejecutivo \u2018acede\u00edsta\u2019 ha hecho \u00e9nfasis en exhortar a todos los miembros e invitados especiales, a que asistan y den respaldo a las actividades, que para tan especial ocasi\u00f3n, ha programado la actual directiva de la ACD.<\/p>\n<p style=\"font-weight: 400;\">\u201cDebemos honrar a quienes hace nueve d\u00e9cadas tuvieron a bien fundar esta s\u00f3lida instituci\u00f3n, una de las m\u00e1s antiguas de la sociedad dominicana\u201d, precisa Cuello.<\/p>\n<p style=\"font-weight: 400;\">Inscripci\u00f3n nuevos miembros<\/p>\n<p style=\"font-weight: 400;\">Por otra parte, se anunci\u00f3, que desde ya y hasta finales de mayo, ha sido iniciado el proceso de inscripci\u00f3n para nuevos miembros y que la juramentaci\u00f3n de quienes resulten admitidos, ser\u00e1 realizada en junio.<\/p>\n<p style=\"font-weight: 400;\">60 A\u00f1os<\/p>\n<p style=\"font-weight: 400;\">Revel\u00f3 que a manera de innovaci\u00f3n, el Consejo Ejecutivo, en su \u00faltima reuni\u00f3n, decidi\u00f3 que los miembros de la instituci\u00f3n, cuya edad supere los 60 a\u00f1os, \u201cser\u00e1n exonerados del pago de la cuota de membres\u00eda\u201d.<\/p>\n<p style=\"font-weight: 400;\">Ratificaci\u00f3n<\/p>\n<p style=\"font-weight: 400;\">Finalmente el se\u00f1or Jorge Torres expresidente de la ACD fue ratificado como delegado internacional frente a la \u00a0Federaci\u00f3n de Periodistas Deportivos de Am\u00e9rica (FEPEDA), ap\u00e9ndice de AIPS.<\/p>\n","protected":false},"excerpt":{"rendered":"<p>SANTO DOMINGO.- El Consejo Ejecutivo de la Asociaci\u00f3n de Cronistas Deportivos de Santo Domingo (ACD) anunci\u00f3 para el pr\u00f3ximo d\u00eda 9 de marzo, el inicio de la semana aniversario de la instituci\u00f3n, fundada en 1929 y que agrupa a los comunicadores de la capital, especializados en deportes. \u00a0Por medio de un despacho de prensa, el [&hellip;]<\/p>\n","protected":false},"author":9,"featured_media":46774,"comment_status":"closed","ping_status":"closed","sticky":false,"template":"","format":"standard","meta":[],"categories":[2,60],"tags":[],"acf":[],"_links":{"self":[{"href":"https:\/\/colimdo.org\/wp-api\/wp\/v2\/posts\/48874"}],"collection":[{"href":"https:\/\/colimdo.org\/wp-api\/wp\/v2\/posts"}],"about":[{"href":"https:\/\/colimdo.org\/wp-api\/wp\/v2\/types\/post"}],"author":[{"embeddable":true,"href":"https:\/\/colimdo.org\/wp-api\/wp\/v2\/users\/9"}],"replies":[{"embeddable":true,"href":"https:\/\/colimdo.org\/wp-api\/wp\/v2\/comments?post=48874"}],"version-history":[{"count":1,"href":"https:\/\/colimdo.org\/wp-api\/wp\/v2\/posts\/48874\/revisions"}],"predecessor-version":[{"id":48875,"href":"https:\/\/colimdo.org\/wp-api\/wp\/v2\/posts\/48874\/revisions\/48875"}],"wp:featuredmedia":[{"embeddable":true,"href":"https:\/\/colimdo.org\/wp-api\/wp\/v2\/media\/46774"}],"wp:attachment":[{"href":"https:\/\/colimdo.org\/wp-api\/wp\/v2\/media?parent=48874"}],"wp:term":[{"taxonomy":"category","embeddable":true,"href":"https:\/\/colimdo.org\/wp-api\/wp\/v2\/categories?post=48874"},{"taxonomy":"post_tag","embeddable":true,"href":"https:\/\/colimdo.org\/wp-api\/wp\/v2\/tags?post=48874"}],"curies":[{"name":"wp","href":"https:\/\/api.w.org\/{rel}","templated":true}]}}