{"id":48883,"date":"2019-02-19T02:47:57","date_gmt":"2019-02-19T02:47:57","guid":{"rendered":"https:\/\/colimdo.org\/?p=48883"},"modified":"2019-02-19T02:47:57","modified_gmt":"2019-02-19T02:47:57","slug":"michael-pineda-considera-esta-listo-volver-grandes-ligas","status":"publish","type":"post","link":"https:\/\/colimdo.org\/noticias\/michael-pineda-considera-esta-listo-volver-grandes-ligas\/","title":{"rendered":"Michael Pineda considera est\u00e1 listo para volver a Grandes Ligas"},"content":{"rendered":"<p class=\"APParagraph1\">FORT MYERS, Florida, EE.UU. &#8212;\u00a0Michael Pineda\u00a0se considera listo para regresar a las Grandes Ligas, ahora con los Mellizos de Minnesota, tras una inactividad de una temporada y media.<\/p>\n<p class=\"APParagraph2\">El dominicano requiri\u00f3 de una cirug\u00eda de Tommy John en 2017, cuando estaba con los Yanquis de Nueva York. Firm\u00f3 con los Mellizos en diciembre de 2017 pero, cuando se preparaba para regresar en la campa\u00f1a pasada, se rompi\u00f3 los meniscos de la rodilla derecha.<\/p>\n<p class=\"APParagraph3\">Pineda, de 30 a\u00f1os, no lanza en las Grandes Ligas desde el 5 de julio de 2017. Nueve d\u00edas despu\u00e9s, Brian Cashman, el gerente general de los Yanquis, revel\u00f3 la lesi\u00f3n.<\/p>\n<p class=\"APParagraph4\">El derecho fue operado el 18 de julio de aquel a\u00f1o por el director m\u00e9dico de los Rojos de Cincinnati, Timothy Kremchek.<\/p>\n<p class=\"APParagraph5\">&#8220;Por ahora me siento muy bien&#8221;, coment\u00f3 Pineda. &#8220;Llegu\u00e9 temprano ac\u00e1, al &#8216;spring training&#8217;. Vine ac\u00e1 listo para resurgir&#8221;.<\/p>\n<p class=\"APParagraph6\">El lanzador de dos metros (seis pies y siete pulgadas) ha generado altas expectativas desde hace a\u00f1os. Sin embargo, tuvo una foja de 40-41 y una efectividad de 4.05 con los Yanquis, incluyendo un r\u00e9cord de 8-4 cuando sobrevino la lesi\u00f3n.<\/p>\n<p class=\"APParagraph7\">Pineda se declar\u00f3 agente libre despu\u00e9s de la campa\u00f1a y firm\u00f3 un convenio por dos a\u00f1os y 10 millones de d\u00f3lares con Minnesota, que incluy\u00f3 un salario de dos millones de d\u00f3lares en su primera temporada. Cumpli\u00f3 cuatro aperturas en las menores, como parte de su rehabilitaci\u00f3n en el verano, antes de lastimarse la rodilla.<\/p>\n<p class=\"APParagraph8\">&#8220;Es muy duro y frustrante hacer la rehabilitaci\u00f3n&#8221;, dijo. &#8220;A nadie le gusta. Mi mentalidad ha sido siempre fuerte, porque tener una vida en el b\u00e9isbol es un don. Sin importar lo que pase, debes ser mentalmente fuerte&#8221;.<\/p>\n<p class=\"APParagraph9\">Minnesota espera que Pineda sea parte de su rotaci\u00f3n.<\/p>\n<p class=\"APParagraph10\">???Tenemos expectativas para \u00e9l porque se ha colocado en un lugar estupendo&#8221;, coment\u00f3 el nuevo manager Rocco Baldelli. &#8220;En lo f\u00edsico, ha trabajado excepcionalmente duro. Ha pasado mucho tiempo aqu\u00ed trabajando. Est\u00e1 en muy buena forma&#8221;.<\/p>\n","protected":false},"excerpt":{"rendered":"<p>El diestro dominicano tendr\u00e1 la oportunidad de lanzar con los Mellizos de Minnesota.<\/p>\n","protected":false},"author":16,"featured_media":48884,"comment_status":"closed","ping_status":"closed","sticky":false,"template":"","format":"standard","meta":[],"categories":[2,60],"tags":[],"acf":[],"_links":{"self":[{"href":"https:\/\/colimdo.org\/wp-api\/wp\/v2\/posts\/48883"}],"collection":[{"href":"https:\/\/colimdo.org\/wp-api\/wp\/v2\/posts"}],"about":[{"href":"https:\/\/colimdo.org\/wp-api\/wp\/v2\/types\/post"}],"author":[{"embeddable":true,"href":"https:\/\/colimdo.org\/wp-api\/wp\/v2\/users\/16"}],"replies":[{"embeddable":true,"href":"https:\/\/colimdo.org\/wp-api\/wp\/v2\/comments?post=48883"}],"version-history":[{"count":1,"href":"https:\/\/colimdo.org\/wp-api\/wp\/v2\/posts\/48883\/revisions"}],"predecessor-version":[{"id":48885,"href":"https:\/\/colimdo.org\/wp-api\/wp\/v2\/posts\/48883\/revisions\/48885"}],"wp:featuredmedia":[{"embeddable":true,"href":"https:\/\/colimdo.org\/wp-api\/wp\/v2\/media\/48884"}],"wp:attachment":[{"href":"https:\/\/colimdo.org\/wp-api\/wp\/v2\/media?parent=48883"}],"wp:term":[{"taxonomy":"category","embeddable":true,"href":"https:\/\/colimdo.org\/wp-api\/wp\/v2\/categories?post=48883"},{"taxonomy":"post_tag","embeddable":true,"href":"https:\/\/colimdo.org\/wp-api\/wp\/v2\/tags?post=48883"}],"curies":[{"name":"wp","href":"https:\/\/api.w.org\/{rel}","templated":true}]}}