{"id":48889,"date":"2019-02-19T03:05:42","date_gmt":"2019-02-19T03:05:42","guid":{"rendered":"https:\/\/colimdo.org\/?p=48889"},"modified":"2019-02-19T03:05:42","modified_gmt":"2019-02-19T03:05:42","slug":"guerrero-jr-impresiona-desde-inicio-los-entrenamientos-azulejos","status":"publish","type":"post","link":"https:\/\/colimdo.org\/noticias\/guerrero-jr-impresiona-desde-inicio-los-entrenamientos-azulejos\/","title":{"rendered":"Guerrero Jr. impresiona desde el inicio en los entrenamientos de Azulejos"},"content":{"rendered":"<article id=\"article-304140482\" class=\"l-grid__content--card article-item article-item--article  article-item--expanded\" data-content-id=\"304140482\">\n<div class=\"article-item__bottom\">\n<div class=\"article-item__body\">\n<p class=\"APParagraph1\">DUNEDIN, Florida, EE.UU (AP). &#8212;\u00a0Vladimir Guerrero Jr.\u00a0no se preocupa por si comenzar\u00e1 la temporada con los Azulejos de Toronto.<\/p>\n<p class=\"APParagraph2\">El joven de 19 a\u00f1os, cuyo padre dominicano Vladimir Guerrero es miembro del Sal\u00f3n de la Fama, es considerado el principal prospecto para 2019. Sin embargo, no ser\u00eda sorprendente si Toronto mantiene al tercera base en las ligas menores durante los primeros 15 d\u00edas y posterga su debut al menos hasta el 12 de abril.<\/p>\n<p class=\"APParagraph3\">Al demorar 15 d\u00edas su servicio en las mayores, los Azulejos retrasar\u00edan la elegibilidad de Guerrero para la agencia libre un a\u00f1o, hasta despu\u00e9s de la temporada 2025.<\/p>\n<p class=\"APParagraph4\">&#8220;Controlar lo que puedo controlar y luego trabajar duro todos los d\u00edas&#8221;, dijo Guerrero a trav\u00e9s de un traductor, mientras los Azulejos realizaban su primer entrenamiento con escuadra completa. &#8220;Hacer lo mejor posible. Intentar ser mejor todos los d\u00edas y dar lo mejor de m\u00ed&#8221;.<\/p>\n<p class=\"APParagraph5\">Guerrero bate\u00f3 para. 402 en Doble-A y .336 en Triple-A el a\u00f1o pasado, con 20 jonrones y 78 impulsadas en total.<\/p>\n<p class=\"APParagraph6\">&#8220;No puedo relacionar que tenga 19 a\u00f1os y sea tan tranquilo y genial como es ese chico&#8221;, se\u00f1al\u00f3 el nuevo manager de Toronto, el puertorrique\u00f1o Charlie Montoyo. &#8220;Estoy impresionado, para decirles la verdad. Esa es la marca de una estrella. Va a ser una estrella alg\u00fan d\u00eda, como todos sabemos&#8221;.<\/p>\n<p class=\"APParagraph7\">Guerrero particip\u00f3 de los ejercicios defensivos e hizo varias jugadas inteligentes durante una sesi\u00f3n de toque de pelota. Se gan\u00f3 una felicitaci\u00f3n del lanzador\u00a0Justin Shafer\u00a0luego de atacar un toque y recoger la pelota a mano limpia, a lo que sigui\u00f3 un lanzamiento fuerte y preciso a la primera base.<\/p>\n<p class=\"APParagraph8\">En la pr\u00e1ctica de bateo, Guerrero conect\u00f3 la pelota con autoridad hacia todos los jardines con 28 swings durante seis rondas.<\/p>\n<p class=\"APParagraph9\">&#8220;Es realmente talentoso&#8221;, coment\u00f3 el campocorto de Toronto, el venezolano\u00a0Freddy Galvis. &#8220;Parece un chico realmente bueno. Buena mentalidad. Es un chico maduro. Su padre fue un gran trabajador. Por lo tanto, tiene la misma mentalidad por lo que he visto hasta ahora&#8221;.<\/p>\n<p class=\"APParagraph10\">Cuando le preguntaron si mejor\u00f3 como pelotero respecto del a\u00f1o pasado, un sonriente Guerrero respondi\u00f3: &#8220;Esperemos al siguiente juego y veamos&#8221;.<\/p>\n<div class=\"article-item__taglines\"><\/div>\n<\/div>\n<div class=\"article-item__more-container\"><\/div>\n<\/div>\n<\/article>\n<article id=\"article-304142614\" class=\"l-grid__content--card article-item article-item--article article-item--search \" data-content-id=\"304142614\">\n<div class=\"article-item__top\"><\/div>\n<\/article>\n","protected":false},"excerpt":{"rendered":"<p>Al demorar 15 d\u00edas su servicio en las mayores, los Azulejos retrasar\u00edan la elegibilidad de Guerrero para la agencia libre un a\u00f1o, hasta despu\u00e9s de la temporada 2025.  <\/p>\n","protected":false},"author":16,"featured_media":48890,"comment_status":"closed","ping_status":"closed","sticky":false,"template":"","format":"standard","meta":[],"categories":[2,60],"tags":[],"acf":[],"_links":{"self":[{"href":"https:\/\/colimdo.org\/wp-api\/wp\/v2\/posts\/48889"}],"collection":[{"href":"https:\/\/colimdo.org\/wp-api\/wp\/v2\/posts"}],"about":[{"href":"https:\/\/colimdo.org\/wp-api\/wp\/v2\/types\/post"}],"author":[{"embeddable":true,"href":"https:\/\/colimdo.org\/wp-api\/wp\/v2\/users\/16"}],"replies":[{"embeddable":true,"href":"https:\/\/colimdo.org\/wp-api\/wp\/v2\/comments?post=48889"}],"version-history":[{"count":1,"href":"https:\/\/colimdo.org\/wp-api\/wp\/v2\/posts\/48889\/revisions"}],"predecessor-version":[{"id":48891,"href":"https:\/\/colimdo.org\/wp-api\/wp\/v2\/posts\/48889\/revisions\/48891"}],"wp:featuredmedia":[{"embeddable":true,"href":"https:\/\/colimdo.org\/wp-api\/wp\/v2\/media\/48890"}],"wp:attachment":[{"href":"https:\/\/colimdo.org\/wp-api\/wp\/v2\/media?parent=48889"}],"wp:term":[{"taxonomy":"category","embeddable":true,"href":"https:\/\/colimdo.org\/wp-api\/wp\/v2\/categories?post=48889"},{"taxonomy":"post_tag","embeddable":true,"href":"https:\/\/colimdo.org\/wp-api\/wp\/v2\/tags?post=48889"}],"curies":[{"name":"wp","href":"https:\/\/api.w.org\/{rel}","templated":true}]}}