{"id":48917,"date":"2019-02-19T17:37:08","date_gmt":"2019-02-19T17:37:08","guid":{"rendered":"https:\/\/colimdo.org\/?p=48917"},"modified":"2019-02-19T17:40:51","modified_gmt":"2019-02-19T17:40:51","slug":"mexico-deja-entrever-no-renovara-contrato-la-formula-uno","status":"publish","type":"post","link":"https:\/\/colimdo.org\/noticias\/mexico-deja-entrever-no-renovara-contrato-la-formula-uno\/","title":{"rendered":"M\u00e9xico deja entrever que no renovar\u00e1 contrato de la F\u00f3rmula Uno"},"content":{"rendered":"<p><strong>M\u00c8XICO. (EFE)<\/strong>.- El presidente de M\u00e9xico, Andr\u00e9s Manuel L\u00f3pez Obrador, asegur\u00f3 este mi\u00e9rcoles que si renovar el contrato para que M\u00e9xico mantenga una etapa del campeonato mundial de F\u00f3rmula Uno depende de pagar, no dar\u00e1 su visto bueno.<\/p>\n<p>&#8220;Si no implica dinero, yo avalo, soy un poco cicatero en estos casos. No s\u00e9 c\u00f3mo est\u00e1n los contratos de F\u00f3rmula Uno; si ya no est\u00e1n firmados, no se va a poder. En muchos casos se financiaban con el fondo al turismo y ahora estos est\u00e1n comprometidos por la financiaci\u00f3n al Tren Maya&#8221;, dijo el mandatario.<\/p>\n<p>La Ciudad de M\u00e9xico es sede de una prueba del Mundial de F\u00f3rmula Uno desde el a\u00f1o 2015 y lo ha hecho tan bien que en los \u00faltimos cuatro a\u00f1os la carrera con sede en Aut\u00f3dromo Hermanos Rodr\u00edguez ha sido elegida como la mejor de la temporada.<\/p>\n<p>M\u00e9xico tiene hasta el 28 de febrero para extender el contrato por otros cinco a\u00f1os, lo cual parece complicado despu\u00e9s de las declaraciones del presidente.<\/p>\n<p>Hoy L\u00f3pez Obrador tambi\u00e9n se refiri\u00f3 a la celebraci\u00f3n de un partido de la temporada de la NFL en M\u00e9xico en este a\u00f1o y dijo que despu\u00e9s de la suspensi\u00f3n del duelo Kansas City Chiefs-Los Angeles Rams en noviembre pasado, en este 2019 s\u00ed habr\u00e1 un encuentro.<\/p>\n<p>&#8220;Lo que est\u00e1 contratado se respeta, este partido que qued\u00f3 pendiente en el caso del f\u00fatbol americano se va a realizar; este fue el acuerdo porque ya existe un contrato y si se revocaba se ten\u00edan que pagar multas y da\u00f1os. Se decidi\u00f3 llevar a cabo esta actividad durante 2019&#8221;, explic\u00f3.<\/p>\n<p>L\u00f3pez Obrador se\u00f1al\u00f3 que apoyar\u00e1 los deportes, pero con austeridad y sin que haya excesos ni derroches, lo cual forma parte de su pol\u00edtica de disminuci\u00f3n de gastos en otras ramas de la econom\u00eda y la vida social del pa\u00eds.<\/p>\n<p>Entre las iniciativas de su Gobierno, el Jefe del Ejecutivo reiter\u00f3 hoy que dar\u00e1 facilidades para la creaci\u00f3n de escuelas y academias de f\u00fatbol americano y f\u00fatbol y reiter\u00f3 su apoyo al b\u00e9isbol, deporte que el mandatario practica a sus 65 a\u00f1os de edad.<\/p>\n<p>&#8220;Ma\u00f1ana vamos a inaugurar en Monterrey el Sal\u00f3n de la Fama&#8221;, se\u00f1al\u00f3 al referirse al nuevo recinto del b\u00e9isbol mexicano.<\/p>\n","protected":false},"excerpt":{"rendered":"<p>El presidente de M\u00e9xico, Andr\u00e9s Manuel L\u00f3pez Obrador, asegur\u00f3 este mi\u00e9rcoles que si renovar el contrato depende de pagar, no dar\u00e1 su visto bueno.<\/p>\n","protected":false},"author":13,"featured_media":48918,"comment_status":"closed","ping_status":"closed","sticky":false,"template":"","format":"standard","meta":[],"categories":[2],"tags":[],"acf":[],"_links":{"self":[{"href":"https:\/\/colimdo.org\/wp-api\/wp\/v2\/posts\/48917"}],"collection":[{"href":"https:\/\/colimdo.org\/wp-api\/wp\/v2\/posts"}],"about":[{"href":"https:\/\/colimdo.org\/wp-api\/wp\/v2\/types\/post"}],"author":[{"embeddable":true,"href":"https:\/\/colimdo.org\/wp-api\/wp\/v2\/users\/13"}],"replies":[{"embeddable":true,"href":"https:\/\/colimdo.org\/wp-api\/wp\/v2\/comments?post=48917"}],"version-history":[{"count":1,"href":"https:\/\/colimdo.org\/wp-api\/wp\/v2\/posts\/48917\/revisions"}],"predecessor-version":[{"id":48919,"href":"https:\/\/colimdo.org\/wp-api\/wp\/v2\/posts\/48917\/revisions\/48919"}],"wp:featuredmedia":[{"embeddable":true,"href":"https:\/\/colimdo.org\/wp-api\/wp\/v2\/media\/48918"}],"wp:attachment":[{"href":"https:\/\/colimdo.org\/wp-api\/wp\/v2\/media?parent=48917"}],"wp:term":[{"taxonomy":"category","embeddable":true,"href":"https:\/\/colimdo.org\/wp-api\/wp\/v2\/categories?post=48917"},{"taxonomy":"post_tag","embeddable":true,"href":"https:\/\/colimdo.org\/wp-api\/wp\/v2\/tags?post=48917"}],"curies":[{"name":"wp","href":"https:\/\/api.w.org\/{rel}","templated":true}]}}