{"id":48925,"date":"2019-02-19T18:33:57","date_gmt":"2019-02-19T18:33:57","guid":{"rendered":"https:\/\/colimdo.org\/?p=48925"},"modified":"2019-02-19T18:34:05","modified_gmt":"2019-02-19T18:34:05","slug":"milfort-martinez-dominan-campeonato-triatlon-barahona","status":"publish","type":"post","link":"https:\/\/colimdo.org\/noticias\/milfort-martinez-dominan-campeonato-triatlon-barahona\/","title":{"rendered":"Milfort y Mart\u00ednez dominan Campeonato de Triatl\u00f3n en Barahona"},"content":{"rendered":"<p><strong>SANTO DOMINGO.<\/strong> Los atletas Emmanuel, Milfort, Kevin Mart\u00ednez, Rodolfo Guzm\u00e1n, Frailin L\u00f3pez y Luis N\u00fa\u00f1ez conquistaron el domingo los primeros lugares de sus respectivas categor\u00edas del Campeonato de Triatl\u00f3n de Barahona celebrado en la playa del malec\u00f3n de la provincia \u00a0Barahona.<\/p>\n<p>El Tri-Barahona fue organizado por la Federaci\u00f3n Dominicana de Triatl\u00f3n (Fedotri), que preside Franklin de la Cruz, y la coordinaci\u00f3n local de Leovaldo Betances, presidente de la Asociaci\u00f3n de Triatl\u00f3n de Barahona.<\/p>\n<p>Milfort, de Hait\u00ed, gan\u00f3 la primera posici\u00f3n en la categor\u00eda m\u00e1ster A con marca de 1:12:20, seguido del guardiamarina Erick Fruto Echeverr\u00eda, 1:16:02, y el teniente de corbeta (ARD) Carlos Pe\u00f1a Ortiz, hizo 1:18:11.<\/p>\n<p>Por su parte, Mart\u00ednez, del Distrito Nacional, se impuso en la categor\u00eda distancia sprint, que son 5 kil\u00f3metros de carrera, 750 metros de nataci\u00f3n y 20 kms de ciclismo, con un tiempo de 1:00:20.<\/p>\n<p>En segundo y tercer puesto quedaron Melvyn Mart\u00ednez con 1.04:16 y Alonso Acevedo, 1:07:15.<br \/>\nDe su lado, Guzm\u00e1n domin\u00f3 la categor\u00eda distancia ol\u00edmpica con un tiempo de 2:25:31, tras 10 kms de carrera, 1,500 metros de nado y 40 kms de bicicletas.<\/p>\n<p>En los siguientes lugares llegaron Alfredo Reyes, 2:40:12, en segundo, y Rafael Sarmiento, 2:42:27.<\/p>\n<p>Mientras que la modalidad de s\u00faper sprint, el primer pelda\u00f1o correspondi\u00f3 para Frailin L\u00f3pez, quien hizo 00:31:50, con un recorrido de 2.5 kms de atletismo, 400 metros de nataci\u00f3n y 10 kms de ciclismo.<\/p>\n<p>El segundo cupo fue de Maicol Ram\u00edrez, con marca de 00:34:19, y el tercero de Erison Gervacio, con 00:34:42.<\/p>\n<p><strong>En duatl\u00f3n<\/strong><\/p>\n<p>Durante la competencia de duatl\u00f3n, dentro del Tri-Barahona del domingo en la playa del malec\u00f3n, de esa ciudad, el primer lugar overall se lo adjudic\u00f3 Luis N\u00fa\u00f1ez, quien marc\u00f3 1:12:28.<\/p>\n<p>En segundo lleg\u00f3 Kelvin Polanco, tras un tiempo de 1:24:33, y la guardiamarina Milagros Urriola, qued\u00f3 en tercero y logr\u00f3 1:26:51.<br \/>\nCon ese mismo tiempo, Urriola fue la ganadora del primer lugar en la rama femenina del duatl\u00f3n.<\/p>\n","protected":false},"excerpt":{"rendered":"<p>Rodolfo Guzm\u00e1n y Frailin L\u00f3pez se coronaron en las categor\u00edas ol\u00edmpica y s\u00faper sprint, respectivamente, en el certamen organizado por la Fedotri.<\/p>\n","protected":false},"author":13,"featured_media":48926,"comment_status":"closed","ping_status":"closed","sticky":false,"template":"","format":"standard","meta":[],"categories":[2,60],"tags":[],"acf":[],"_links":{"self":[{"href":"https:\/\/colimdo.org\/wp-api\/wp\/v2\/posts\/48925"}],"collection":[{"href":"https:\/\/colimdo.org\/wp-api\/wp\/v2\/posts"}],"about":[{"href":"https:\/\/colimdo.org\/wp-api\/wp\/v2\/types\/post"}],"author":[{"embeddable":true,"href":"https:\/\/colimdo.org\/wp-api\/wp\/v2\/users\/13"}],"replies":[{"embeddable":true,"href":"https:\/\/colimdo.org\/wp-api\/wp\/v2\/comments?post=48925"}],"version-history":[{"count":1,"href":"https:\/\/colimdo.org\/wp-api\/wp\/v2\/posts\/48925\/revisions"}],"predecessor-version":[{"id":48927,"href":"https:\/\/colimdo.org\/wp-api\/wp\/v2\/posts\/48925\/revisions\/48927"}],"wp:featuredmedia":[{"embeddable":true,"href":"https:\/\/colimdo.org\/wp-api\/wp\/v2\/media\/48926"}],"wp:attachment":[{"href":"https:\/\/colimdo.org\/wp-api\/wp\/v2\/media?parent=48925"}],"wp:term":[{"taxonomy":"category","embeddable":true,"href":"https:\/\/colimdo.org\/wp-api\/wp\/v2\/categories?post=48925"},{"taxonomy":"post_tag","embeddable":true,"href":"https:\/\/colimdo.org\/wp-api\/wp\/v2\/tags?post=48925"}],"curies":[{"name":"wp","href":"https:\/\/api.w.org\/{rel}","templated":true}]}}