{"id":48928,"date":"2019-02-20T03:40:30","date_gmt":"2019-02-20T03:40:30","guid":{"rendered":"https:\/\/colimdo.org\/?p=48928"},"modified":"2019-02-20T03:41:13","modified_gmt":"2019-02-20T03:41:13","slug":"cod-celebra-este-miercoles-la-noche-gran-gala-olimpica-2019","status":"publish","type":"post","link":"https:\/\/colimdo.org\/noticias\/cod-celebra-este-miercoles-la-noche-gran-gala-olimpica-2019\/","title":{"rendered":"COD celebra este mi\u00e9rcoles en la noche \u201cGran Gala Ol\u00edmpica 2019\u201d"},"content":{"rendered":"<p>SANTO DOMINGO.- Todo est\u00e1 listo para la celebraci\u00f3n esta noche de la \u201cGran Gala Ol\u00edmpica\u201d que ser\u00e1 celebrada en el Sal\u00f3n La Fiesta del hotel Jaragua.<\/p>\n<p><span style=\"font-style: inherit; font-weight: inherit;\">En esta gran fiesta del deporte los atletas dominicanos recibir\u00e1n estatuillas que les acredita como Atletas del A\u00f1o de sus respectivas federaciones. Tambi\u00e9n se entregar\u00e1n reconocimientos a personalidades vinculadas al deporte.<\/span><\/p>\n<p><span style=\"font-style: inherit; font-weight: inherit;\">La festividad iniciar\u00e1 a las 6:30 de la noche en el loby del hotel, con un coctel con los atletas, donde podr\u00e1n tomarse fotograf\u00edas y firmar aut\u00f3grafos con los deportistas, como pre\u00e1mbulo al inicio de la Gala que comenzar\u00e1 a las 7:30 de la noche para ser transmitida por televisi\u00f3n a toda la naci\u00f3n y al mundo. Ser\u00e1 conducida por Yancen Pujols y Sussy Jim\u00e9nez.<\/span><\/p>\n<p><span style=\"font-style: inherit; font-weight: inherit;\">Una nota de la Direcci\u00f3n de Prensa del COD informa que se ha preparado un gran show art\u00edstico como parte de la gran fiesta deportiva.<\/span><\/p>\n<p><span style=\"font-style: inherit; font-weight: inherit;\">La \u201cGran Gala Ol\u00edmpica\u201d es la principal fiesta deportiva del deporte dominicano, donde se premian a los atletas que m\u00e1s trascendieron durante el pasado a\u00f1o, tambi\u00e9n se aprovecha la ocasi\u00f3n para reconocer a instituciones y personalidades que han ofrecido un servicio al deporte del pa\u00eds. El evento cuenta con el respaldo del Ministerio de Deportes y la Cervecer\u00eda Nacional Dominicana.<\/span><\/p>\n<p><span style=\"font-style: inherit; font-weight: inherit;\">Este evento cuenta con el soporte de la Cervecer\u00eda Nacional Dominicana y el Ministerio de Deportes.<\/span><\/p>\n<p><span style=\"font-style: inherit; font-weight: inherit;\">Se han cursados invitaciones a numerosas personalidades vinculadas al quehacer deportivo, as\u00ed como autoridades del Gobierno y funcionarios consulares acreditados en el pa\u00eds.<\/span><\/p>\n","protected":false},"excerpt":{"rendered":"<p>Los atletas m\u00e1s destacados del pasado a\u00f1o ser\u00e1n homenajeados este mi\u00e9rcoles en la Gran Gala Ol\u00edmpica en el Sal\u00f3n La Fiesta del hotel Jaragua.<\/p>\n","protected":false},"author":13,"featured_media":48929,"comment_status":"closed","ping_status":"closed","sticky":false,"template":"","format":"standard","meta":[],"categories":[2],"tags":[],"acf":[],"_links":{"self":[{"href":"https:\/\/colimdo.org\/wp-api\/wp\/v2\/posts\/48928"}],"collection":[{"href":"https:\/\/colimdo.org\/wp-api\/wp\/v2\/posts"}],"about":[{"href":"https:\/\/colimdo.org\/wp-api\/wp\/v2\/types\/post"}],"author":[{"embeddable":true,"href":"https:\/\/colimdo.org\/wp-api\/wp\/v2\/users\/13"}],"replies":[{"embeddable":true,"href":"https:\/\/colimdo.org\/wp-api\/wp\/v2\/comments?post=48928"}],"version-history":[{"count":1,"href":"https:\/\/colimdo.org\/wp-api\/wp\/v2\/posts\/48928\/revisions"}],"predecessor-version":[{"id":48930,"href":"https:\/\/colimdo.org\/wp-api\/wp\/v2\/posts\/48928\/revisions\/48930"}],"wp:featuredmedia":[{"embeddable":true,"href":"https:\/\/colimdo.org\/wp-api\/wp\/v2\/media\/48929"}],"wp:attachment":[{"href":"https:\/\/colimdo.org\/wp-api\/wp\/v2\/media?parent=48928"}],"wp:term":[{"taxonomy":"category","embeddable":true,"href":"https:\/\/colimdo.org\/wp-api\/wp\/v2\/categories?post=48928"},{"taxonomy":"post_tag","embeddable":true,"href":"https:\/\/colimdo.org\/wp-api\/wp\/v2\/tags?post=48928"}],"curies":[{"name":"wp","href":"https:\/\/api.w.org\/{rel}","templated":true}]}}