{"id":48932,"date":"2019-02-20T02:11:48","date_gmt":"2019-02-20T02:11:48","guid":{"rendered":"https:\/\/colimdo.org\/?p=48932"},"modified":"2019-02-20T02:11:48","modified_gmt":"2019-02-20T02:11:48","slug":"carlos-martinez-no-lanzara-dos-semanas-debido-molestias-hombro","status":"publish","type":"post","link":"https:\/\/colimdo.org\/noticias\/carlos-martinez-no-lanzara-dos-semanas-debido-molestias-hombro\/","title":{"rendered":"Carlos Mart\u00ednez no lanzar\u00e1 por dos semanas debido a molestias en el hombro"},"content":{"rendered":"<p>J\u00daPITER, Florida &#8212; Carlos Mart\u00ednez, lanzador de los Cardenales de San Luis, se ausentar\u00e1 durante dos semanas de los encuentros de pretemporada, a fin de fortalecer su hombro tras una campa\u00f1a plagada de lesiones.<br \/>\nMike Shildt, el manager de los Cardenales, dijo el martes que el dominicano no lanzar\u00e1 antes del 5 de marzo, cuando se someter\u00e1 a una nueva evaluaci\u00f3n. Shildt explic\u00f3 sin embargo que una resonancia magn\u00e9tica realizada esta semana mostr\u00f3 que el hombro derecho de Mart\u00ednez se encuentra bien en el aspecto estructural.<br \/>\nSe desconoce de qu\u00e9 forma afectar\u00e1 esta situaci\u00f3n la posibilidad de que Mart\u00ednez abra el juego inaugural de la temporada, el 28 de marzo ante Milwaukee, el campe\u00f3n vigente de la Divisi\u00f3n Central de la Liga Nacional.<br \/>\nMart\u00ednez, derecho de 27 a\u00f1os y dos veces elegido al Juego de Estrellas, tuvo una foja de 8-6 con cinco salvamentos y una efectividad de 3.11 en 33 encuentros del a\u00f1o pasado, incluidas 18 aperturas. Los Cardenales no han revelado de qu\u00e9 forma emplear\u00edan a Mart\u00ednez en esta nueva campa\u00f1a.<br \/>\nEl a\u00f1o pasado, Mart\u00ednez ingres\u00f3 tres veces a la lista de los lesionados, por tirones en el hombro, en un m\u00fasculo lateral y en un oblicuo. Dijo que su hombro le ha dado algo de molestias durante el campamento de pretemporada, con algo de debilidad e inflamaci\u00f3n.<\/p>\n","protected":false},"excerpt":{"rendered":"<p>En su ausencia de dos semanas, el dominicano buscar\u00e1 fortalecer su brazo de lanzar.<\/p>\n","protected":false},"author":16,"featured_media":48933,"comment_status":"closed","ping_status":"closed","sticky":false,"template":"","format":"standard","meta":[],"categories":[2,60],"tags":[],"acf":[],"_links":{"self":[{"href":"https:\/\/colimdo.org\/wp-api\/wp\/v2\/posts\/48932"}],"collection":[{"href":"https:\/\/colimdo.org\/wp-api\/wp\/v2\/posts"}],"about":[{"href":"https:\/\/colimdo.org\/wp-api\/wp\/v2\/types\/post"}],"author":[{"embeddable":true,"href":"https:\/\/colimdo.org\/wp-api\/wp\/v2\/users\/16"}],"replies":[{"embeddable":true,"href":"https:\/\/colimdo.org\/wp-api\/wp\/v2\/comments?post=48932"}],"version-history":[{"count":1,"href":"https:\/\/colimdo.org\/wp-api\/wp\/v2\/posts\/48932\/revisions"}],"predecessor-version":[{"id":48934,"href":"https:\/\/colimdo.org\/wp-api\/wp\/v2\/posts\/48932\/revisions\/48934"}],"wp:featuredmedia":[{"embeddable":true,"href":"https:\/\/colimdo.org\/wp-api\/wp\/v2\/media\/48933"}],"wp:attachment":[{"href":"https:\/\/colimdo.org\/wp-api\/wp\/v2\/media?parent=48932"}],"wp:term":[{"taxonomy":"category","embeddable":true,"href":"https:\/\/colimdo.org\/wp-api\/wp\/v2\/categories?post=48932"},{"taxonomy":"post_tag","embeddable":true,"href":"https:\/\/colimdo.org\/wp-api\/wp\/v2\/tags?post=48932"}],"curies":[{"name":"wp","href":"https:\/\/api.w.org\/{rel}","templated":true}]}}