{"id":48941,"date":"2019-02-20T02:36:14","date_gmt":"2019-02-20T02:36:14","guid":{"rendered":"https:\/\/colimdo.org\/?p=48941"},"modified":"2019-02-20T02:36:14","modified_gmt":"2019-02-20T02:36:14","slug":"bolivia-busca-apoyo-subsede-del-mundial-futbol-2030","status":"publish","type":"post","link":"https:\/\/colimdo.org\/noticias\/bolivia-busca-apoyo-subsede-del-mundial-futbol-2030\/","title":{"rendered":"Bolivia busca apoyo para ser subsede del Mundial de F\u00fatbol de 2030"},"content":{"rendered":"<p class=\"canvas-atom canvas-text Mb(1.0em) Mb(0)--sm Mt(0.8em)--sm\">La Paz, 19 feb (EFE).- El presidente de Bolivia, Evo Morales, asegur\u00f3 este martes que su pa\u00eds est\u00e1 &#8220;en campa\u00f1a&#8221; para unirse a Argentina, Paraguay y Uruguay para organizar el Mundial de f\u00fatbol de 2030.<\/p>\n<p class=\"canvas-atom canvas-text Mb(1.0em) Mb(0)--sm Mt(0.8em)--sm\">&#8220;Hay que hacer gestiones deportivas, gestiones pol\u00edticas, y ojal\u00e1 nos vaya bien&#8221;, dijo a periodistas en La Paz sobre la intenci\u00f3n de Bolivia de ser una de las sedes de la Copa del Mundo de 2030.<\/p>\n<p class=\"canvas-atom canvas-text Mb(1.0em) Mb(0)--sm Mt(0.8em)--sm\">Evo Morales, aficionado al f\u00fatbol, record\u00f3 que Uruguay acogi\u00f3 en 1930 el primer Mundial, en el que participaron trece pa\u00edses incluido el anfitri\u00f3n, pero advirti\u00f3 de que para el de 2030 podr\u00edan ser m\u00e1s de cuarenta selecciones.<\/p>\n<p class=\"canvas-atom canvas-text Mb(1.0em) Mb(0)--sm Mt(0.8em)--sm\">&#8220;Uruguay no puede ser sede de los cuarenta pa\u00edses&#8221;, por lo que &#8220;se suma Argentina, Paraguay&#8221; y Bolivia desea tambi\u00e9n unirse, subray\u00f3.<\/p>\n<p class=\"canvas-atom canvas-text Mb(1.0em) Mb(0)--sm Mt(0.8em)--sm\">Morales hizo estas declaraciones tras reunirse con el presidente de la Federaci\u00f3n Boliviana de F\u00fatbol, C\u00e9sar Salinas, y con el seleccionador Eduardo Villegas.<\/p>\n<p class=\"canvas-atom canvas-text Mb(1.0em) Mb(0)--sm Mt(0.8em)--sm\">En su comparecencia, se confirm\u00f3 el amistoso contra Nicaragua el 3 marzo en Villa Turani, el primero de Villegas tras asumir recientemente el mando de la Verde y el primero de categor\u00eda internacional de selecciones absolutas en el estadio Bicentenario de esta ciudad boliviana.<\/p>\n<p class=\"canvas-atom canvas-text Mb(1.0em) Mb(0)--sm Mt(0.8em)--sm\">Bolivia estar\u00e1 presente en una reuni\u00f3n del comit\u00e9 de postulaci\u00f3n para la Copa del Mundo 2030 que se celebrar\u00e1 este mi\u00e9rcoles en Montevideo, con la meta de ganar apoyo y ser una de las candidatas como subsede.<\/p>\n<p class=\"canvas-atom canvas-text Mb(1.0em) Mb(0)--sm Mt(0.8em)--sm\">El ministro boliviano de Deportes, Tito Monta\u00f1o, har\u00e1 el pedido oficial para que Bolivia sea considerada por el comit\u00e9 en caso de que la FIFA decida que el m\u00e1ximo torneo del f\u00fatbol a nivel de selecciones vuelva a Sudam\u00e9rica.<\/p>\n<p class=\"canvas-atom canvas-text Mb(1.0em) Mb(0)--sm Mt(0.8em)--sm\">Argentina, Uruguay y Paraguay ya hab\u00edan ratificado el pasado noviembre su intenci\u00f3n de organizar en forma conjunta el Mundial de 2030.<\/p>\n<p class=\"canvas-atom canvas-text Mb(1.0em) Mb(0)--sm Mt(0.8em)--sm\">A la lista de pa\u00edses que aspiran tambi\u00e9n a organizar conjuntamente esta Copa del Mundo se sum\u00f3 Chile la pasada semana, mediante un mensaje que su presidente, Sebasti\u00e1n Pi\u00f1era, en Twitter.<\/p>\n<p class=\"canvas-atom canvas-text Mb(1.0em) Mb(0)--sm Mt(0.8em)--sm\">Adem\u00e1s de los pa\u00edses suramericanos, son candidatos Inglaterra y un bloque conformado por Bulgaria, Serbia, Grecia y Ruman\u00eda.<\/p>\n<p class=\"canvas-atom canvas-text Mb(1.0em) Mb(0)--sm Mt(0.8em)--sm\">Bolivia ha tenido la experiencia de organizar en 1963 y 1997 la Copa Am\u00e9rica y de concretarse su aspiraci\u00f3n, ser\u00eda la primera vez que acoge un Mundial de f\u00fatbol.<\/p>\n","protected":false},"excerpt":{"rendered":"<p>El presidente de Bolivia, Evo Morales, asegur\u00f3 este martes que su pa\u00eds est\u00e1 &#8220;en campa\u00f1a&#8221; para unirse a Argentina, Paraguay y Uruguay para organizar el Mundial de f\u00fatbol de 2030.<\/p>\n","protected":false},"author":16,"featured_media":48942,"comment_status":"closed","ping_status":"closed","sticky":false,"template":"","format":"standard","meta":[],"categories":[2,60],"tags":[],"acf":[],"_links":{"self":[{"href":"https:\/\/colimdo.org\/wp-api\/wp\/v2\/posts\/48941"}],"collection":[{"href":"https:\/\/colimdo.org\/wp-api\/wp\/v2\/posts"}],"about":[{"href":"https:\/\/colimdo.org\/wp-api\/wp\/v2\/types\/post"}],"author":[{"embeddable":true,"href":"https:\/\/colimdo.org\/wp-api\/wp\/v2\/users\/16"}],"replies":[{"embeddable":true,"href":"https:\/\/colimdo.org\/wp-api\/wp\/v2\/comments?post=48941"}],"version-history":[{"count":1,"href":"https:\/\/colimdo.org\/wp-api\/wp\/v2\/posts\/48941\/revisions"}],"predecessor-version":[{"id":48943,"href":"https:\/\/colimdo.org\/wp-api\/wp\/v2\/posts\/48941\/revisions\/48943"}],"wp:featuredmedia":[{"embeddable":true,"href":"https:\/\/colimdo.org\/wp-api\/wp\/v2\/media\/48942"}],"wp:attachment":[{"href":"https:\/\/colimdo.org\/wp-api\/wp\/v2\/media?parent=48941"}],"wp:term":[{"taxonomy":"category","embeddable":true,"href":"https:\/\/colimdo.org\/wp-api\/wp\/v2\/categories?post=48941"},{"taxonomy":"post_tag","embeddable":true,"href":"https:\/\/colimdo.org\/wp-api\/wp\/v2\/tags?post=48941"}],"curies":[{"name":"wp","href":"https:\/\/api.w.org\/{rel}","templated":true}]}}