{"id":48944,"date":"2019-02-20T02:40:10","date_gmt":"2019-02-20T02:40:10","guid":{"rendered":"https:\/\/colimdo.org\/?p=48944"},"modified":"2019-02-20T02:40:10","modified_gmt":"2019-02-20T02:40:10","slug":"miguel-sano-esta-usando-una-bota-protectora-proteger-cortada-pie","status":"publish","type":"post","link":"https:\/\/colimdo.org\/noticias\/miguel-sano-esta-usando-una-bota-protectora-proteger-cortada-pie\/","title":{"rendered":"Miguel San\u00f3 est\u00e1 usando una bota protectora para proteger cortada en un pie"},"content":{"rendered":"<p>FORT MYERS, Florida. &#8212; El dominicano Miguel \u00c1ngel San\u00f3 entr\u00f3 al clubhouse de los Mellizos la ma\u00f1ana del martes usando una bota protectora en el pie derecho, la primera se\u00f1al de la cortada que sufri\u00f3 en el \u00e1rea cercana al tal\u00f3n y que se ha convertido en un ligero obst\u00e1culo durante su intensa preparaci\u00f3n en la temporada muerta.<br \/>\nDe acuerdo con una fuente, la bota es s\u00f3lo una precauci\u00f3n para inmovilizar el \u00e1rea y mantener cerrada la herida, pues la misma se encuentra en una zona susceptible a abrirse por movimiento. San\u00f3 no tiene da\u00f1os estructurales.<br \/>\nSan\u00f3 no particip\u00f3 en la pr\u00e1ctica del lunes y no se espera que sea parte de la mayor\u00eda de las sesiones que requieran del uso de sus piernas hasta nuevo aviso, aunque los Mellizos todav\u00eda no han determinado cu\u00e1ndo podr\u00eda estar de regreso o empezar a participar en las rutinas de entrenamientos.<br \/>\nEl manager Rocco Baldelli dijo el domingo que la lesi\u00f3n se produjo durante la recta final de la postemporada de LIDOM en enero. El equipo de San\u00f3, las Estrellas Orientales, se coron\u00f3 campe\u00f3n.<\/p>\n","protected":false},"excerpt":{"rendered":"<p>De acuerdo con una fuente, la bota es s\u00f3lo una precauci\u00f3n para inmovilizar el \u00e1rea y mantener cerrada la herida, pues la misma se encuentra en una zona susceptible a abrirse por movimiento. San\u00f3 no tiene da\u00f1os estructurales.<\/p>\n","protected":false},"author":16,"featured_media":48945,"comment_status":"closed","ping_status":"closed","sticky":false,"template":"","format":"standard","meta":[],"categories":[2,60],"tags":[],"acf":[],"_links":{"self":[{"href":"https:\/\/colimdo.org\/wp-api\/wp\/v2\/posts\/48944"}],"collection":[{"href":"https:\/\/colimdo.org\/wp-api\/wp\/v2\/posts"}],"about":[{"href":"https:\/\/colimdo.org\/wp-api\/wp\/v2\/types\/post"}],"author":[{"embeddable":true,"href":"https:\/\/colimdo.org\/wp-api\/wp\/v2\/users\/16"}],"replies":[{"embeddable":true,"href":"https:\/\/colimdo.org\/wp-api\/wp\/v2\/comments?post=48944"}],"version-history":[{"count":1,"href":"https:\/\/colimdo.org\/wp-api\/wp\/v2\/posts\/48944\/revisions"}],"predecessor-version":[{"id":48946,"href":"https:\/\/colimdo.org\/wp-api\/wp\/v2\/posts\/48944\/revisions\/48946"}],"wp:featuredmedia":[{"embeddable":true,"href":"https:\/\/colimdo.org\/wp-api\/wp\/v2\/media\/48945"}],"wp:attachment":[{"href":"https:\/\/colimdo.org\/wp-api\/wp\/v2\/media?parent=48944"}],"wp:term":[{"taxonomy":"category","embeddable":true,"href":"https:\/\/colimdo.org\/wp-api\/wp\/v2\/categories?post=48944"},{"taxonomy":"post_tag","embeddable":true,"href":"https:\/\/colimdo.org\/wp-api\/wp\/v2\/tags?post=48944"}],"curies":[{"name":"wp","href":"https:\/\/api.w.org\/{rel}","templated":true}]}}