{"id":48955,"date":"2019-02-20T03:24:09","date_gmt":"2019-02-20T03:24:09","guid":{"rendered":"https:\/\/colimdo.org\/?p=48955"},"modified":"2019-02-20T03:24:09","modified_gmt":"2019-02-20T03:24:09","slug":"tecnico-pantoja-reto-ante-ny-red-bulls-tenemos-muchisimas-ganas-e-ilusion","status":"publish","type":"post","link":"https:\/\/colimdo.org\/noticias\/tecnico-pantoja-reto-ante-ny-red-bulls-tenemos-muchisimas-ganas-e-ilusion\/","title":{"rendered":"T\u00e9cnico de Pantoja sobre reto ante NY Red Bulls : \u201cTenemos much\u00edsimas ganas e ilusi\u00f3n\u201d"},"content":{"rendered":"<p class=\"x_MsoNormal\"><span lang=\"ES\">Santo Domingo.- El director t\u00e9cnico de Los Guerreros del Club Atl\u00e9tico Pantoja compareci\u00f3 ante los medios la tarde de este martes 19 de febrero. A un d\u00eda del debut del combinado dominicano en los octavos de final de la Liga de Campeones de Concacaf Scotiabank 2019 ante el\u00a0 New York Red Bulls .<\/span><\/p>\n<p class=\"x_MsoNormal\"><span lang=\"ES\">Acompa\u00f1ado de Nicol\u00e1s Rebollo y Miguel Odal\u00eds B\u00e1ez, el t\u00e9cnico ibicenco de Los Guerreros se mostro seguro y confiado en la plantilla que ha conformado, de cara al partido m\u00e1s trascendental en los 20 a\u00f1os de historia del Club Atl\u00e9tico Pantoja.<\/span><\/p>\n<p class=\"x_MsoNormal\"><span lang=\"ES\">\u201cTenemos much\u00edsimas ganas e ilusi\u00f3n. El equipo esta bastante concentrado en el partido, pero sobretodo tenemos la idea de mostrar la mejor imagen posible, y proyectar a la afici\u00f3n un claro mensaje de lo que queremos en el terreno de juego\u201d, expres\u00f3 Mendoza al ser cuestionado por los medios de comunicaci\u00f3n.\u00a0<\/span><\/p>\n<p class=\"x_MsoNormal\"><span lang=\"ES\">Para el arquero de Los Guerreros, Miguel Odal\u00eds B\u00e1ez, es un partido \u201cespecial e hist\u00f3rico\u201d. Adem\u00e1s, B\u00e1ez expres\u00f3 que se han preparado de la mejor manera para hacer un buen papel, debido a la importancia de este partido para los jugadores y para el club.\u00a0<\/span><\/p>\n<p class=\"x_MsoNormal\"><span lang=\"ES\">\u201cEs un partido muy importante, estamos preparados para asumir esta grandiosa responsabilidad. Trataremos de hacerlo de la mejor forma posible, y siempre con la ilusi\u00f3n de seguir avanzando y que no sea este encuentro ante el New York Red Bulls nuestro ultimo partido en esta edici\u00f3n de la Liga de Campeones\u201d. Estas fueron las palabras del defensor uruguayo Nicol\u00e1s Rebollo, capit\u00e1n de Los Guerreros y pieza fundamental en el esquema defensivo del CAP.<\/span><span lang=\"ES\">\u00a0<\/span><\/p>\n<p class=\"x_MsoNormal\"><span lang=\"ES\">A primera hora el t\u00e9cnico del New York Red Bulls, Chris Armas, junto al centrocampista argentino Kaku Romero, atendieron a los medios de comunicaci\u00f3n local acreditados para el evento.<\/span><\/p>\n","protected":false},"excerpt":{"rendered":"<p>Acompa\u00f1ado de Nicol\u00e1s Rebollo y Miguel Odal\u00eds B\u00e1ez, el t\u00e9cnico ibicenco de Los Guerreros se mostro seguro y confiado en la plantilla que ha conformado, de cara al partido m\u00e1s trascendental en los 20 a\u00f1os de historia del Club Atl\u00e9tico Pantoja.<\/p>\n","protected":false},"author":16,"featured_media":48956,"comment_status":"closed","ping_status":"closed","sticky":false,"template":"","format":"standard","meta":[],"categories":[3,2,60],"tags":[],"acf":[],"_links":{"self":[{"href":"https:\/\/colimdo.org\/wp-api\/wp\/v2\/posts\/48955"}],"collection":[{"href":"https:\/\/colimdo.org\/wp-api\/wp\/v2\/posts"}],"about":[{"href":"https:\/\/colimdo.org\/wp-api\/wp\/v2\/types\/post"}],"author":[{"embeddable":true,"href":"https:\/\/colimdo.org\/wp-api\/wp\/v2\/users\/16"}],"replies":[{"embeddable":true,"href":"https:\/\/colimdo.org\/wp-api\/wp\/v2\/comments?post=48955"}],"version-history":[{"count":1,"href":"https:\/\/colimdo.org\/wp-api\/wp\/v2\/posts\/48955\/revisions"}],"predecessor-version":[{"id":48957,"href":"https:\/\/colimdo.org\/wp-api\/wp\/v2\/posts\/48955\/revisions\/48957"}],"wp:featuredmedia":[{"embeddable":true,"href":"https:\/\/colimdo.org\/wp-api\/wp\/v2\/media\/48956"}],"wp:attachment":[{"href":"https:\/\/colimdo.org\/wp-api\/wp\/v2\/media?parent=48955"}],"wp:term":[{"taxonomy":"category","embeddable":true,"href":"https:\/\/colimdo.org\/wp-api\/wp\/v2\/categories?post=48955"},{"taxonomy":"post_tag","embeddable":true,"href":"https:\/\/colimdo.org\/wp-api\/wp\/v2\/tags?post=48955"}],"curies":[{"name":"wp","href":"https:\/\/api.w.org\/{rel}","templated":true}]}}