{"id":48963,"date":"2019-02-20T03:36:30","date_gmt":"2019-02-20T03:36:30","guid":{"rendered":"https:\/\/colimdo.org\/?p=48963"},"modified":"2019-02-20T03:36:30","modified_gmt":"2019-02-20T03:36:30","slug":"judocas-encaran-nuevo-reto-grand-slam-alemania","status":"publish","type":"post","link":"https:\/\/colimdo.org\/noticias\/judocas-encaran-nuevo-reto-grand-slam-alemania\/","title":{"rendered":"Judocas encaran un nuevo reto en el Grand Slam de Alemania"},"content":{"rendered":"<p><b><span lang=\"ES-DO\">SANTO DOMINGO<\/span><\/b><span lang=\"ES-DO\">. Los judocas dominicanos Robert Florentino, Ana Rosa, Medickson del Orbe, Jos\u00e9 Nova y Lewis Medina encaran un nuevo reto desde este viernes y hasta el domingo en el Grand Slam de Judo que tendr\u00e1 lugar en el<\/span><span lang=\"ES\">\u00a0ISS Dome\u00a0<\/span><span lang=\"ES-DO\">de la ciudad\u00a0<\/span><span lang=\"ES\">D\u00fcsseldorf, en Alemania.<\/span><\/p>\n<p><span lang=\"ES-DO\">La delegaci\u00f3n quisqueyana, que entrena en el Centro de Alta Tecnificaci\u00f3n, en Valencia, Espa\u00f1a, tomar\u00e1 parte en el certamen con el objetivo de seguir sumando puntos para la clasificaci\u00f3n a los Juegos Ol\u00edmpicos de Tokio, Jap\u00f3n, 2020.<\/span><\/p>\n<p><span lang=\"ES-DO\">La participaci\u00f3n del seleccionado superior de judo en el Grand Slam de Alemania es posible al apoyo del Grupo Creando Sue\u00f1os Ol\u00edmpicos (Creso) y la Federaci\u00f3n Internacional de\u00a0Judo\u00a0(FIJ).<\/span><\/p>\n<p><span lang=\"ES-DO\">Ana Rosa competir\u00e1 en menos 57 kilos; Medickson del Orbe, en menos 81 kilos; Robert Florentino, en menos 90 kilos; Jos\u00e9 Nova en menos 100 kilos, al igual que Lewis Medina.<\/span><\/p>\n<p><span lang=\"ES-DO\">Adem\u00e1s de los atletas, tambi\u00e9n integra la delegaci\u00f3n Manuel Ram\u00edrez, como entrenador. En el certamen tomar\u00e1 parte adem\u00e1s el \u00e1rbitro Orlando Cruz Cruz, quien ha sido invitado por la FIJ.<\/span><\/p>\n<p><span lang=\"ES\">D\u00fcsseldorf es una parada crucial en el camino hacia los Juegos y tambi\u00e9n hacia el Campeonato Mundial de Judo de Tokio 2019. Los campeones ol\u00edmpicos y mundiales estar\u00e1n en acci\u00f3n en Alemania.<\/span><\/p>\n<p><span lang=\"ES\">Con el Grand Slam de Par\u00eds, Francia, que tuvo lugar hace solo un par de semanas, y el camino hacia los mundos y los Juegos Ol\u00edmpicos de Tokio en pleno apogeo, la cantidad de atletas que participar\u00e1n en el evento durante el fin de semana es particularmente alta. Los 5 continentes estar\u00e1n representados y 683 atletas de 97 pa\u00edses est\u00e1n registrados.<\/span><\/p>\n<p><span lang=\"ES\">El presidente de la IJF, Marius Vizer, dijo que &#8220;La IJF World Judo Tour 2019 se acelera este mes con Alemania, la ubicaci\u00f3n para nuestro segundo Grand Slam del mes y el tercer evento de la temporada (despu\u00e9s del GP de Tel Aviv y Paris GS). Alemania es una de las piernas m\u00e1s famosas en el IJF World Judo Tour y D\u00fcsseldorf se convirti\u00f3 en Grand Slam el a\u00f1o pasado\u201d.<\/span><\/p>\n<p><span lang=\"ES\">\u201cLa clasificaci\u00f3n para los Juegos Ol\u00edmpicos de Tokio 2020 est\u00e1 en marcha con los Juegos Ol\u00edmpicos de Tokio 2020 que se encuentran a poco m\u00e1s de un a\u00f1o y todos nuestros judocas lo est\u00e1n dando todo con la esperanza de asegurar la calificaci\u00f3n y la selecci\u00f3n para la pr\u00f3xima Olimpiada\u201d.<\/span><\/p>\n<p>&nbsp;<\/p>\n","protected":false},"excerpt":{"rendered":"<p>La delegaci\u00f3n quisqueyana, que entrena en el Centro de Alta Tecnificaci\u00f3n, en Valencia, Espa\u00f1a, tomar\u00e1 parte en el certamen con el objetivo de seguir sumando puntos para la clasificaci\u00f3n a los Juegos Ol\u00edmpicos de Tokio, Jap\u00f3n, 2020.<\/p>\n","protected":false},"author":16,"featured_media":48964,"comment_status":"closed","ping_status":"closed","sticky":false,"template":"","format":"standard","meta":[],"categories":[2,60],"tags":[],"acf":[],"_links":{"self":[{"href":"https:\/\/colimdo.org\/wp-api\/wp\/v2\/posts\/48963"}],"collection":[{"href":"https:\/\/colimdo.org\/wp-api\/wp\/v2\/posts"}],"about":[{"href":"https:\/\/colimdo.org\/wp-api\/wp\/v2\/types\/post"}],"author":[{"embeddable":true,"href":"https:\/\/colimdo.org\/wp-api\/wp\/v2\/users\/16"}],"replies":[{"embeddable":true,"href":"https:\/\/colimdo.org\/wp-api\/wp\/v2\/comments?post=48963"}],"version-history":[{"count":1,"href":"https:\/\/colimdo.org\/wp-api\/wp\/v2\/posts\/48963\/revisions"}],"predecessor-version":[{"id":48965,"href":"https:\/\/colimdo.org\/wp-api\/wp\/v2\/posts\/48963\/revisions\/48965"}],"wp:featuredmedia":[{"embeddable":true,"href":"https:\/\/colimdo.org\/wp-api\/wp\/v2\/media\/48964"}],"wp:attachment":[{"href":"https:\/\/colimdo.org\/wp-api\/wp\/v2\/media?parent=48963"}],"wp:term":[{"taxonomy":"category","embeddable":true,"href":"https:\/\/colimdo.org\/wp-api\/wp\/v2\/categories?post=48963"},{"taxonomy":"post_tag","embeddable":true,"href":"https:\/\/colimdo.org\/wp-api\/wp\/v2\/tags?post=48963"}],"curies":[{"name":"wp","href":"https:\/\/api.w.org\/{rel}","templated":true}]}}