{"id":48970,"date":"2019-02-20T14:12:13","date_gmt":"2019-02-20T14:12:13","guid":{"rendered":"https:\/\/colimdo.org\/?p=48970"},"modified":"2019-02-20T14:12:13","modified_gmt":"2019-02-20T14:12:13","slug":"sede-mundial-femenino-futbol-no-se-define-votacion-abierta","status":"publish","type":"post","link":"https:\/\/colimdo.org\/noticias\/sede-mundial-femenino-futbol-no-se-define-votacion-abierta\/","title":{"rendered":"Sede de Mundial femenino de f\u00fatbol no se define en votaci\u00f3n abierta"},"content":{"rendered":"<p>LONDRES (AP) \u2014 La FIFA seguir\u00e1 eligiendo en secreto la sede del Mundial de mujeres, lo que contrasta con el nuevo sistema de votaci\u00f3n abierta que se aplic\u00f3 el a\u00f1o pasado para definir a los organizadores del certamen de hombres.<\/p>\n<p>El proceso de presentaci\u00f3n de candidaturas para organizar la Copa del Mundo de f\u00fatbol de mujeres en 2023 fue presentado el martes, y la FIFA adopt\u00f3 muchas de las revisiones rigurosas a las que deben someterse ahora los pa\u00edses interesados en organizar el torneo de hombres.<\/p>\n<p>Pero la elecci\u00f3n de la sede es otra historia.<\/p>\n<p>Tras las investigaciones sobre corrupci\u00f3n en la elecci\u00f3n de las sedes de los mundiales de hombres en 2018 y 2022, la FIFA retir\u00f3 la decisi\u00f3n a su comit\u00e9 directivo y la cedi\u00f3 a todas las federaciones que la integran. El a\u00f1o pasado, cuando lleg\u00f3 el momento de definir la sede de la Copa del Mundo de 2026, los votos se hicieron p\u00fablicos despu\u00e9s del Congreso del organismo, donde se eligi\u00f3 a Estados Unidos, M\u00e9xico y Canad\u00e1, como organizadores conjuntos del certamen de 2026.<\/p>\n<p>El candidato derrotado en la votaci\u00f3n fue Marruecos.<\/p>\n<p>Pero en marzo de 2020, ser\u00e1 el Consejo de la FIFA, un grupo de 37 personas, el que se re\u00fana en privado para decidir d\u00f3nde competir\u00e1n las mujeres en 2023.<\/p>\n<p>\u201cLos estatutos de la FIFA estipulan expl\u00edcitamente que la selecci\u00f3n de sedes para las fases definitivas de todos los torneos mundiales reside en el Consejo de la FIFA, con excepci\u00f3n del Mundial (de hombres), donde el poder reside en el Congreso\u201d, indic\u00f3 el organismo el martes, en un comunicado que envi\u00f3 a The Associated Press.<\/p>\n<p>Australia, Colombia, Jap\u00f3n y Sud\u00e1frica han expresado ya su inter\u00e9s por organizar la Copa del Mundo en 2023. Este a\u00f1o, el Mundial de mujeres se realizar\u00e1 del 7 de junio al 7 de julio, en Francia.<\/p>\n","protected":false},"excerpt":{"rendered":"<p>LONDRES (AP) \u2014 La FIFA seguir\u00e1 eligiendo en secreto la sede del Mundial de mujeres, lo que contrasta con el nuevo sistema de votaci\u00f3n abierta que se aplic\u00f3 el a\u00f1o pasado para definir a los organizadores del certamen de hombres. El proceso de presentaci\u00f3n de candidaturas para organizar la Copa del Mundo de f\u00fatbol de [&hellip;]<\/p>\n","protected":false},"author":9,"featured_media":48971,"comment_status":"closed","ping_status":"closed","sticky":false,"template":"","format":"standard","meta":[],"categories":[2,60],"tags":[],"acf":[],"_links":{"self":[{"href":"https:\/\/colimdo.org\/wp-api\/wp\/v2\/posts\/48970"}],"collection":[{"href":"https:\/\/colimdo.org\/wp-api\/wp\/v2\/posts"}],"about":[{"href":"https:\/\/colimdo.org\/wp-api\/wp\/v2\/types\/post"}],"author":[{"embeddable":true,"href":"https:\/\/colimdo.org\/wp-api\/wp\/v2\/users\/9"}],"replies":[{"embeddable":true,"href":"https:\/\/colimdo.org\/wp-api\/wp\/v2\/comments?post=48970"}],"version-history":[{"count":1,"href":"https:\/\/colimdo.org\/wp-api\/wp\/v2\/posts\/48970\/revisions"}],"predecessor-version":[{"id":48973,"href":"https:\/\/colimdo.org\/wp-api\/wp\/v2\/posts\/48970\/revisions\/48973"}],"wp:featuredmedia":[{"embeddable":true,"href":"https:\/\/colimdo.org\/wp-api\/wp\/v2\/media\/48971"}],"wp:attachment":[{"href":"https:\/\/colimdo.org\/wp-api\/wp\/v2\/media?parent=48970"}],"wp:term":[{"taxonomy":"category","embeddable":true,"href":"https:\/\/colimdo.org\/wp-api\/wp\/v2\/categories?post=48970"},{"taxonomy":"post_tag","embeddable":true,"href":"https:\/\/colimdo.org\/wp-api\/wp\/v2\/tags?post=48970"}],"curies":[{"name":"wp","href":"https:\/\/api.w.org\/{rel}","templated":true}]}}