{"id":48972,"date":"2019-02-20T14:16:59","date_gmt":"2019-02-20T14:16:59","guid":{"rendered":"https:\/\/colimdo.org\/?p=48972"},"modified":"2019-02-20T14:16:59","modified_gmt":"2019-02-20T14:16:59","slug":"cod-da-toques-finales-produccion-gran-gala-olimpica","status":"publish","type":"post","link":"https:\/\/colimdo.org\/noticias\/cod-da-toques-finales-produccion-gran-gala-olimpica\/","title":{"rendered":"COD da toques finales a producci\u00f3n \u201cGran Gala Ol\u00edmpica\u201d"},"content":{"rendered":"<p class=\"x_ydp28d664b1MsoNoSpacing\"><b><span lang=\"ES-DO\">SANTO DOMINGO<\/span><\/b><span lang=\"ES-DO\">. Novedosos segmentos ser\u00e1n incluidos en el programa de la \u201cGran Gala Ol\u00edmpica\u201d, ceremonial del Comit\u00e9 Ol\u00edmpico Dominicano que premiar\u00e1 este mi\u00e9rcoles a los atletas m\u00e1s destacados del pasado a\u00f1o en el Sal\u00f3n La Fiesta del hotel Jaragua.<\/span><\/p>\n<p class=\"x_ydp28d664b1MsoNoSpacing\"><span lang=\"ES-DO\">La \u201cGran Gala Ol\u00edmpica\u201d, que cuenta con el respaldo de la Cervecer\u00eda Nacional Dominicana, tendr\u00e1 la participaci\u00f3n del Coro Infantil de la Fundaci\u00f3n Club Mauricio B\u00e1ez, adem\u00e1s de la intervenci\u00f3n de la Comparsa Los Leones de Villa Mar\u00eda, que tendr\u00e1 un segmento musicalizado de unos cinco minutos.<\/span><\/p>\n<p class=\"x_ydp28d664b1MsoNoSpacing\"><span lang=\"ES-DO\">El licenciado Luis Mej\u00eda, presidente del COD, junto a los productores del ceremonial, realiz\u00f3 el ensayo final ayer en la noche, conjuntamente con los conductores Yancen Pujols y Sussy Jim\u00e9nez,<\/span><\/p>\n<p class=\"x_ydp28d664b1MsoNoSpacing\"><span lang=\"ES-DO\">\u201cHemos dado los toques finales a la producci\u00f3n general, tomando en cuenta cada detalle de todos los segmentos. Esta es una fiesta para nuestros atletas\u201d, coment\u00f3 Mej\u00eda.<\/span><\/p>\n<p class=\"x_ydp28d664b1MsoNoSpacing\"><span lang=\"ES-DO\">Otra novedad que tendr\u00e1 el ceremonial es la participaci\u00f3n de los medallistas ol\u00edmpicos F\u00e9lix S\u00e1nchez, F\u00e9lix Manuel D\u00edaz, Gabriel Mercedes, Luisito Pie y Luguelin Santos, quienes tomar\u00e1n parte en los segmentos de distinciones especiales.<\/span><\/p>\n<p class=\"x_ydp28d664b1MsoNoSpacing\"><span lang=\"ES-DO\">La \u201cGran Gala Ol\u00edmpica\u201d entregar\u00e1, a trav\u00e9s de la Federaci\u00f3n de Arte y Cultura, un merecido reconocimiento al cantautor V\u00edctor V\u00edctor, y otra distinci\u00f3n similar har\u00e1 la Federaci\u00f3n de Medicina Deportiva.<\/span><\/p>\n<p class=\"x_ydp28d664b1MsoNoSpacing\"><span lang=\"ES-TRAD\">En esta gran fiesta del deporte los atletas dominicanos recibir\u00e1n estatuillas que les acredita como Atletas del A\u00f1o de sus respectivas federaciones. Tambi\u00e9n se entregar\u00e1n reconocimientos a personalidades vinculadas al deporte.<\/span><\/p>\n<p class=\"x_ydp28d664b1MsoNoSpacing\"><span lang=\"ES-TRAD\">La festividad iniciar\u00e1 a las 6:30 de la tarde en el lobby del hotel, con un coctel con los atletas, donde podr\u00e1n tomarse fotograf\u00edas y firmar aut\u00f3grafos con los deportistas, como pre\u00e1mbulo al inicio de la Gala que comenzar\u00e1 a las 7:30 de la noche para ser transmitida por televisi\u00f3n a toda la naci\u00f3n y al mundo. Ser\u00e1 conducida por Yancen Pujols y Sussy Jim\u00e9nez.<\/span><\/p>\n<p class=\"x_ydp28d664b1MsoNoSpacing\"><span lang=\"ES-TRAD\">Una nota de la Direcci\u00f3n de Prensa del COD informa que se ha preparado un gran show art\u00edstico como parte de la gran fiesta deportiva.<\/span><\/p>\n<p class=\"x_ydp28d664b1MsoNoSpacing\"><span lang=\"ES-TRAD\">La \u201cGran Gala Ol\u00edmpica\u201d es la principal fiesta deportiva del deporte dominicano, donde se premian a los atletas que m\u00e1s trascendieron durante el pasado a\u00f1o, tambi\u00e9n se aprovecha la ocasi\u00f3n para reconocer a instituciones y personalidades que han ofrecido un servicio al deporte del pa\u00eds. El evento cuenta con el respaldo del Ministerio de Deportes y la Cervecer\u00eda Nacional Dominicana.<\/span><\/p>\n<p class=\"x_ydp28d664b1MsoNoSpacing\"><span lang=\"ES-TRAD\">Este evento cuenta con el soporte de la Cervecer\u00eda Nacional Dominicana y el Ministerio de Deportes.<\/span><\/p>\n","protected":false},"excerpt":{"rendered":"<p>La \u201cGran Gala Ol\u00edmpica\u201d tendr\u00e1 novedosos segmentos.<\/p>\n","protected":false},"author":16,"featured_media":48976,"comment_status":"closed","ping_status":"closed","sticky":false,"template":"","format":"standard","meta":[],"categories":[2,60],"tags":[],"acf":[],"_links":{"self":[{"href":"https:\/\/colimdo.org\/wp-api\/wp\/v2\/posts\/48972"}],"collection":[{"href":"https:\/\/colimdo.org\/wp-api\/wp\/v2\/posts"}],"about":[{"href":"https:\/\/colimdo.org\/wp-api\/wp\/v2\/types\/post"}],"author":[{"embeddable":true,"href":"https:\/\/colimdo.org\/wp-api\/wp\/v2\/users\/16"}],"replies":[{"embeddable":true,"href":"https:\/\/colimdo.org\/wp-api\/wp\/v2\/comments?post=48972"}],"version-history":[{"count":1,"href":"https:\/\/colimdo.org\/wp-api\/wp\/v2\/posts\/48972\/revisions"}],"predecessor-version":[{"id":48979,"href":"https:\/\/colimdo.org\/wp-api\/wp\/v2\/posts\/48972\/revisions\/48979"}],"wp:featuredmedia":[{"embeddable":true,"href":"https:\/\/colimdo.org\/wp-api\/wp\/v2\/media\/48976"}],"wp:attachment":[{"href":"https:\/\/colimdo.org\/wp-api\/wp\/v2\/media?parent=48972"}],"wp:term":[{"taxonomy":"category","embeddable":true,"href":"https:\/\/colimdo.org\/wp-api\/wp\/v2\/categories?post=48972"},{"taxonomy":"post_tag","embeddable":true,"href":"https:\/\/colimdo.org\/wp-api\/wp\/v2\/tags?post=48972"}],"curies":[{"name":"wp","href":"https:\/\/api.w.org\/{rel}","templated":true}]}}