{"id":48982,"date":"2019-02-20T16:23:30","date_gmt":"2019-02-20T16:23:30","guid":{"rendered":"https:\/\/colimdo.org\/?p=48982"},"modified":"2019-02-20T16:23:30","modified_gmt":"2019-02-20T16:23:30","slug":"federer-volvera-jugar-madrid-tras-dos-anos-ausencia","status":"publish","type":"post","link":"https:\/\/colimdo.org\/noticias\/federer-volvera-jugar-madrid-tras-dos-anos-ausencia\/","title":{"rendered":"Federer volver\u00e1 a jugar en Madrid tras dos a\u00f1os de ausencia"},"content":{"rendered":"<p>MADRID (AP) \u2014 Roger Federer volver\u00e1 a jugar en el Abierto de Madrid como parte de su retorno a la gira de arcilla.<\/p>\n<p>Los organizadores anunciaron el mi\u00e9rcoles que el due\u00f1o de 20 t\u00edtulos de Grand Slam participar\u00e1 en el torneo de la Serie Masters entre el 3 y 12 de mayo.<\/p>\n<p>Federer, de 37 a\u00f1os, se salt\u00f3 la temporada en polvo de ladrillo las \u00faltimas dos temporadas. Pero el astro suizo decidi\u00f3 volver este a\u00f1o al prepararse para su primera aparici\u00f3n en el Abierto de Francia desde 2015.<\/p>\n<p>Federer es el segundo tenista m\u00e1s laureado en el Abierto de Madrid, con tres t\u00edtulos, por detr\u00e1s de los cinco de Rafael Nadal. La \u00faltima vez que Federer se coron\u00f3 en Madrid fue en 2012.<\/p>\n<div id=\"div-gpt-ad-1470255291270-0\" class=\"DFPSlot\" data-google-query-id=\"CJiRicvbyuACFSPJ4wcdrYoLFw\"><\/div>\n","protected":false},"excerpt":{"rendered":"<p>MADRID (AP) \u2014 Roger Federer volver\u00e1 a jugar en el Abierto de Madrid como parte de su retorno a la gira de arcilla. Los organizadores anunciaron el mi\u00e9rcoles que el due\u00f1o de 20 t\u00edtulos de Grand Slam participar\u00e1 en el torneo de la Serie Masters entre el 3 y 12 de mayo. Federer, de 37 [&hellip;]<\/p>\n","protected":false},"author":9,"featured_media":48983,"comment_status":"closed","ping_status":"closed","sticky":false,"template":"","format":"standard","meta":[],"categories":[2,60],"tags":[],"acf":[],"_links":{"self":[{"href":"https:\/\/colimdo.org\/wp-api\/wp\/v2\/posts\/48982"}],"collection":[{"href":"https:\/\/colimdo.org\/wp-api\/wp\/v2\/posts"}],"about":[{"href":"https:\/\/colimdo.org\/wp-api\/wp\/v2\/types\/post"}],"author":[{"embeddable":true,"href":"https:\/\/colimdo.org\/wp-api\/wp\/v2\/users\/9"}],"replies":[{"embeddable":true,"href":"https:\/\/colimdo.org\/wp-api\/wp\/v2\/comments?post=48982"}],"version-history":[{"count":1,"href":"https:\/\/colimdo.org\/wp-api\/wp\/v2\/posts\/48982\/revisions"}],"predecessor-version":[{"id":48984,"href":"https:\/\/colimdo.org\/wp-api\/wp\/v2\/posts\/48982\/revisions\/48984"}],"wp:featuredmedia":[{"embeddable":true,"href":"https:\/\/colimdo.org\/wp-api\/wp\/v2\/media\/48983"}],"wp:attachment":[{"href":"https:\/\/colimdo.org\/wp-api\/wp\/v2\/media?parent=48982"}],"wp:term":[{"taxonomy":"category","embeddable":true,"href":"https:\/\/colimdo.org\/wp-api\/wp\/v2\/categories?post=48982"},{"taxonomy":"post_tag","embeddable":true,"href":"https:\/\/colimdo.org\/wp-api\/wp\/v2\/tags?post=48982"}],"curies":[{"name":"wp","href":"https:\/\/api.w.org\/{rel}","templated":true}]}}