{"id":48989,"date":"2019-02-20T18:28:56","date_gmt":"2019-02-20T18:28:56","guid":{"rendered":"https:\/\/colimdo.org\/?p=48989"},"modified":"2019-02-20T18:28:56","modified_gmt":"2019-02-20T18:28:56","slug":"diaz-afirma-presidencia-cade-contribuyo-fortalecer-deporte-america","status":"publish","type":"post","link":"https:\/\/colimdo.org\/noticias\/diaz-afirma-presidencia-cade-contribuyo-fortalecer-deporte-america\/","title":{"rendered":"Diaz afirma su presidencia en CADE contribuy\u00f3 a fortalecer el deporte de Am\u00e9rica"},"content":{"rendered":"<div dir=\"auto\">PUNTA DEL ESTE, URUGUAY.- El Ministro de Deportes de la Rep\u00fablica Dominicana, licenciado Danilo Diaz Vizcaino, valor\u00f3 como &#8220;altamente positivo&#8221; haber dirigido como pa\u00eds el Consejo Americano del Deporte y haber podido contribuir al fortalecimiento\u00a0 de los mecanismos del deporte regional, algo que llena de mucho regocijo al gobierno del presidente Danilo Medina.<\/div>\n<div dir=\"auto\"><\/div>\n<div dir=\"auto\">D\u00edaz, pasado presidente del CADE, afirm\u00f3 que pudo vivir una grata experiencia al frente del CADE donde asimilo muchas experiencias de los pa\u00edses miembros para ponerlo en carpeta en su programa de trabajo al frente de MIDEREC, as\u00ed como muchos de ellos tambi\u00e9n tomaron notas de las labores que hacemos en el deporte dominicano.<\/div>\n<div dir=\"auto\"><\/div>\n<div dir=\"auto\">El alto funcionario deportivo gubernamental de la Rep\u00fablica Dominicana estuvo encabezando la XIV Asamblea Ordinaria del Consejo Americano del Deporte, donde participaron decenas de naciones afiliadas. Se recuerda que hace dos a\u00f1os, la Rep\u00fablica Dominicana fue anfitri\u00f3n de la pasada Asamblea, la cual se desarrollo con rotundo \u00e9xito durante dos d\u00edas.<\/div>\n<div dir=\"auto\"><\/div>\n<div dir=\"auto\"><\/div>\n<div dir=\"auto\">&#8220;Esto ha sido una experiencia que jamas olvidare, lo llevar\u00e9 grabado en mi coraz\u00f3n, porque pude compartir con grandes seres humanos, que vienen realizando una gran labor en el Deporte de Am\u00e9rica y en sus respectivos pa\u00edses&#8221;, proclam\u00f3 Danilo D\u00edaz, quien estuvo acompa\u00f1ado del Viceministro de Deportes y miembro del Agencia Mundial de Antidopaje, (WADA),\u00a0 el inmortal de la nataci\u00f3n internacional, licenciado Marcos D\u00edaz.<\/div>\n<div dir=\"auto\"><\/div>\n<div dir=\"auto\">El pasado\u00a0 martes, dentro de la Asamblea General del CADE los representantes de los gobiernos y comit\u00e9s ol\u00edmpicos de Am\u00e9rica e Iberoam\u00e9rica reunidos en Punta del Este, Uruguay, firmaron el pasado martes la intenci\u00f3n de un acuerdo, mediante el cual expresaron su voluntad de trabajar conjuntamente la promoci\u00f3n del deporte en los pa\u00edses de la regi\u00f3n, desde sus diferentes \u00e1mbitos de competencia.<\/div>\n<div dir=\"auto\"><\/div>\n<div dir=\"auto\">El ministro de Rep\u00fablica Dominicana y presidente del Consejo Americano del Deporte (CADE), Danilo D\u00edaz; el presidente de PANAM SPORTS (Organizaci\u00f3n Deportiva Panamericana), Never Illic,\u00a0 firmaron el documento en el marco de la Cumbre del Deporte 2019, que desde el lunes tiene lugar en la naci\u00f3n suramericana.<\/div>\n<div dir=\"auto\"><\/div>\n<div dir=\"auto\">En la firma tambi\u00e9n participaron el ministro de Deportes de Uruguay, Fernando C\u00e1ceres, y el presidente del Comit\u00e9 Ol\u00edmpico de Uruguay y presidente de la Federaci\u00f3n Internacional de Nataci\u00f3n, doctor Julio C\u00e9sar Maglione.<\/div>\n<div dir=\"auto\"><i>\u00a0<\/i><\/div>\n<div dir=\"auto\"><i>El acuerdo fue impulsado por el ministro dominicano, D\u00edaz Vizca\u00edno, quien ha logrado el consenso de los dem\u00e1s jefes de pol\u00edticas deportivas de Iberoam\u00e9rica.<\/i><\/div>\n","protected":false},"excerpt":{"rendered":"<p>PUNTA DEL ESTE, URUGUAY.- El Ministro de Deportes de la Rep\u00fablica Dominicana, licenciado Danilo Diaz Vizcaino, valor\u00f3 como &#8220;altamente positivo&#8221; haber dirigido como pa\u00eds el Consejo Americano del Deporte y haber podido contribuir al fortalecimiento\u00a0 de los mecanismos del deporte regional, algo que llena de mucho regocijo al gobierno del presidente Danilo Medina. D\u00edaz, pasado [&hellip;]<\/p>\n","protected":false},"author":9,"featured_media":48990,"comment_status":"closed","ping_status":"closed","sticky":false,"template":"","format":"standard","meta":[],"categories":[2,60],"tags":[],"acf":[],"_links":{"self":[{"href":"https:\/\/colimdo.org\/wp-api\/wp\/v2\/posts\/48989"}],"collection":[{"href":"https:\/\/colimdo.org\/wp-api\/wp\/v2\/posts"}],"about":[{"href":"https:\/\/colimdo.org\/wp-api\/wp\/v2\/types\/post"}],"author":[{"embeddable":true,"href":"https:\/\/colimdo.org\/wp-api\/wp\/v2\/users\/9"}],"replies":[{"embeddable":true,"href":"https:\/\/colimdo.org\/wp-api\/wp\/v2\/comments?post=48989"}],"version-history":[{"count":1,"href":"https:\/\/colimdo.org\/wp-api\/wp\/v2\/posts\/48989\/revisions"}],"predecessor-version":[{"id":48991,"href":"https:\/\/colimdo.org\/wp-api\/wp\/v2\/posts\/48989\/revisions\/48991"}],"wp:featuredmedia":[{"embeddable":true,"href":"https:\/\/colimdo.org\/wp-api\/wp\/v2\/media\/48990"}],"wp:attachment":[{"href":"https:\/\/colimdo.org\/wp-api\/wp\/v2\/media?parent=48989"}],"wp:term":[{"taxonomy":"category","embeddable":true,"href":"https:\/\/colimdo.org\/wp-api\/wp\/v2\/categories?post=48989"},{"taxonomy":"post_tag","embeddable":true,"href":"https:\/\/colimdo.org\/wp-api\/wp\/v2\/tags?post=48989"}],"curies":[{"name":"wp","href":"https:\/\/api.w.org\/{rel}","templated":true}]}}