{"id":48995,"date":"2019-02-20T23:46:48","date_gmt":"2019-02-20T23:46:48","guid":{"rendered":"https:\/\/colimdo.org\/?p=48995"},"modified":"2019-02-20T23:47:04","modified_gmt":"2019-02-20T23:47:04","slug":"atletas-dirigentes-federados-comparten-coctel-gala-olimpica","status":"publish","type":"post","link":"https:\/\/colimdo.org\/noticias\/atletas-dirigentes-federados-comparten-coctel-gala-olimpica\/","title":{"rendered":"Atletas, dirigentes y federados comparten en c\u00f3ctel Gala Ol\u00edmpica"},"content":{"rendered":"<p><strong>SANTO DOMINGO. <\/strong>Atletas, dirigentes, presidentes de federaciones e invitados especiales disfrutan del pre\u00e1mbulo de la \u201cGran Gala Ol\u00edmpica\u201d en lobby del sal\u00f3n la Fiesta del hotel Jaragua, escenario donde ser\u00e1n premiados los atletas m\u00e1s destacados del pasado a\u00f1o.<\/p>\n<p>El \u00e1rea ha sido ambientada con s\u00edmbolos de distintos deportes, as\u00ed como una pantalla gigante que refleja im\u00e1genes de diversos acontecimientos deportivos de atletas, federaciones y el Comit\u00e9 Ol\u00edmpico Dominicano (COD).<\/p>\n<p>Un comit\u00e9 de damas da la bienvenida a cada uno de los atletas, dirigentes e invitados a la premiaci\u00f3n, que ha concitado la atenci\u00f3n general tras las novedades que se han dado a conocer en la producci\u00f3n.<\/p>\n<p>El presidente del COD, Luis Mej\u00eda Oviedo, intercambia impresiones con los atletas, dirigentes e invitados que ya se encuentran compartiendo en el c\u00f3ctel de bienvenida.<\/p>\n<p>La Gran Gala Ol\u00edmpica est\u00e1 prevista para comenzar a las 7:30 de la noche y otorgar\u00e1 un mill\u00f3n de pesos al o a la deportista que se quede con el m\u00e1ximo galard\u00f3n.<\/p>\n<p>Adem\u00e1s, ser\u00e1n homenajeados el doctor V\u00edctor Figueroa, por parte de la Federaci\u00f3n Dominicana de Medicina Deportiva, as\u00ed como el cantautor V\u00edctor V\u00edctor, a cargo de la Federaci\u00f3n Dominicana de Arte y Cultura.<\/p>\n","protected":false},"excerpt":{"rendered":"<p>Previo al inicio de la Gran Gala Ol\u00edmpica, el Comit\u00e9 Ol\u00edmpico Dominicano ofreci\u00f3 un c\u00f3ctel de bienvenida en el lobby del sal\u00f3n La Fiesta del hotel Jaragua.<\/p>\n","protected":false},"author":13,"featured_media":48997,"comment_status":"closed","ping_status":"closed","sticky":false,"template":"","format":"standard","meta":[],"categories":[2],"tags":[],"acf":[],"_links":{"self":[{"href":"https:\/\/colimdo.org\/wp-api\/wp\/v2\/posts\/48995"}],"collection":[{"href":"https:\/\/colimdo.org\/wp-api\/wp\/v2\/posts"}],"about":[{"href":"https:\/\/colimdo.org\/wp-api\/wp\/v2\/types\/post"}],"author":[{"embeddable":true,"href":"https:\/\/colimdo.org\/wp-api\/wp\/v2\/users\/13"}],"replies":[{"embeddable":true,"href":"https:\/\/colimdo.org\/wp-api\/wp\/v2\/comments?post=48995"}],"version-history":[{"count":1,"href":"https:\/\/colimdo.org\/wp-api\/wp\/v2\/posts\/48995\/revisions"}],"predecessor-version":[{"id":48998,"href":"https:\/\/colimdo.org\/wp-api\/wp\/v2\/posts\/48995\/revisions\/48998"}],"wp:featuredmedia":[{"embeddable":true,"href":"https:\/\/colimdo.org\/wp-api\/wp\/v2\/media\/48997"}],"wp:attachment":[{"href":"https:\/\/colimdo.org\/wp-api\/wp\/v2\/media?parent=48995"}],"wp:term":[{"taxonomy":"category","embeddable":true,"href":"https:\/\/colimdo.org\/wp-api\/wp\/v2\/categories?post=48995"},{"taxonomy":"post_tag","embeddable":true,"href":"https:\/\/colimdo.org\/wp-api\/wp\/v2\/tags?post=48995"}],"curies":[{"name":"wp","href":"https:\/\/api.w.org\/{rel}","templated":true}]}}