{"id":48996,"date":"2019-02-20T23:45:16","date_gmt":"2019-02-20T23:45:16","guid":{"rendered":"https:\/\/colimdo.org\/?p=48996"},"modified":"2019-02-20T23:46:23","modified_gmt":"2019-02-20T23:46:23","slug":"vitelio-mejia-afirma-gala-olimpica-ocasion-compartir-los-atletas","status":"publish","type":"post","link":"https:\/\/colimdo.org\/noticias\/vitelio-mejia-afirma-gala-olimpica-ocasion-compartir-los-atletas\/","title":{"rendered":"Vitelio Mej\u00eda afirma Gala Ol\u00edmpica es ocasi\u00f3n de compartir con los atletas"},"content":{"rendered":"<p class=\"x_ydp7b7fef4eMsoNormal\">SANTO DOMINGO.- El presidente de la Liga Dominicana de B\u00e9isbol (Lidom), licenciado Vitelio Mej\u00eda, elogi\u00f3 la celebraci\u00f3n de la \u201cGran Gala Ol\u00edmpica\u201d, se\u00f1alando que \u201cesta es una ocasi\u00f3n para reunirse con los deportistas dominicanos\u201d.<\/p>\n<p class=\"x_ydp7b7fef4eMsoNormal\">Mej\u00eda mostr\u00f3 su regocijo al encontrarse con decenas de atletas y dirigentes, durante el coctail celebrado en el loby del Gran Sal\u00f3n La Fiesta del hotel Jaragua, poco antes del inicio de la premiaci\u00f3n.<\/p>\n<p class=\"x_ydp7b7fef4eMsoNormal\">\u201cEs una forma de ver plasmado en una premiaci\u00f3n el esfuerzo justo y merecido de muchas personas\u201d, manifest\u00f3 Mej\u00eda.<\/p>\n<p class=\"x_ydp7b7fef4eMsoNormal\">Record\u00f3 que cada vez que viene a esta premiaci\u00f3n se enorgullece del talento que tiene el pa\u00eds.<\/p>\n<p class=\"x_ydp7b7fef4eMsoNormal\">Elogi\u00f3 el trabajo que hace la dirigencia ol\u00edmpica del pa\u00eds, conjuntamente con los entrenadores.<\/p>\n<p class=\"x_ydp7b7fef4eMsoNormal\">Mej\u00eda se refiri\u00f3 tambi\u00e9n al trabajo realizado por los deportistas dominicanos en playas extranjera, especialmente la participaci\u00f3n en los Juegos Centroamericanos y del Caribe del pasado a\u00f1o, los cuales fueron celebrados en Barranquilla, Colombia.<\/p>\n","protected":false},"excerpt":{"rendered":"<p>Mej\u00eda mostr\u00f3 su regocijo al encontrarse con decenas de atletas y dirigentes, durante el coctail celebrado en el loby del Gran Sal\u00f3n La Fiesta del hotel Jaragua, poco antes del inicio de la premiaci\u00f3n.<\/p>\n","protected":false},"author":16,"featured_media":48999,"comment_status":"closed","ping_status":"closed","sticky":false,"template":"","format":"standard","meta":[],"categories":[2,60],"tags":[],"acf":[],"_links":{"self":[{"href":"https:\/\/colimdo.org\/wp-api\/wp\/v2\/posts\/48996"}],"collection":[{"href":"https:\/\/colimdo.org\/wp-api\/wp\/v2\/posts"}],"about":[{"href":"https:\/\/colimdo.org\/wp-api\/wp\/v2\/types\/post"}],"author":[{"embeddable":true,"href":"https:\/\/colimdo.org\/wp-api\/wp\/v2\/users\/16"}],"replies":[{"embeddable":true,"href":"https:\/\/colimdo.org\/wp-api\/wp\/v2\/comments?post=48996"}],"version-history":[{"count":1,"href":"https:\/\/colimdo.org\/wp-api\/wp\/v2\/posts\/48996\/revisions"}],"predecessor-version":[{"id":49000,"href":"https:\/\/colimdo.org\/wp-api\/wp\/v2\/posts\/48996\/revisions\/49000"}],"wp:featuredmedia":[{"embeddable":true,"href":"https:\/\/colimdo.org\/wp-api\/wp\/v2\/media\/48999"}],"wp:attachment":[{"href":"https:\/\/colimdo.org\/wp-api\/wp\/v2\/media?parent=48996"}],"wp:term":[{"taxonomy":"category","embeddable":true,"href":"https:\/\/colimdo.org\/wp-api\/wp\/v2\/categories?post=48996"},{"taxonomy":"post_tag","embeddable":true,"href":"https:\/\/colimdo.org\/wp-api\/wp\/v2\/tags?post=48996"}],"curies":[{"name":"wp","href":"https:\/\/api.w.org\/{rel}","templated":true}]}}