{"id":49001,"date":"2019-02-20T23:44:06","date_gmt":"2019-02-20T23:44:06","guid":{"rendered":"https:\/\/colimdo.org\/?p=49001"},"modified":"2019-02-20T23:44:51","modified_gmt":"2019-02-20T23:44:51","slug":"gala-olimpica-una-fiesta-festejar-los-exitos-del-deporte-rd","status":"publish","type":"post","link":"https:\/\/colimdo.org\/noticias\/gala-olimpica-una-fiesta-festejar-los-exitos-del-deporte-rd\/","title":{"rendered":"\u201cGala Ol\u00edmpica\u201d, una fiesta para festejar los \u00e9xitos del deporte de RD"},"content":{"rendered":"<p class=\"x_ydp6ed0d69fMsoNormal\">Santo Domingo.- Dirigentes de varias federaciones han visto con satisfacci\u00f3n y alegr\u00eda la celebraci\u00f3n de la \u201cGala Ol\u00edmpica\u201d, se\u00f1alando que este es un encuentro para darse un abrazo toda la familia deportiva del pa\u00eds.<\/p>\n<p class=\"x_ydp6ed0d69fMsoNormal\">Asimismo, resaltaron la entrega de premios en met\u00e1lico, lo que seg\u00fan afirma, sirve de motivaci\u00f3n para que los deportistas dominicanos se esfuercen a\u00fan m\u00e1s para lograr la excelencia deportiva.<\/p>\n<p class=\"x_ydp6ed0d69fMsoNormal\">Los se\u00f1ores Miguel Hern\u00e1ndez, presidente de la Federaci\u00f3n Dominicana de Hockey Sobre C\u00e9sped; Osiris Tejeda Cess\u00e9, titular de la Federaci\u00f3n Dominicana de Remo y Canotaje y Jos\u00e9 Miguel Robi\u00fa, presidente de la Federaci\u00f3n de Tiro con Arco, destacaron la gran fiesta de premiaci\u00f3n y la camarader\u00eda que se vive en esta.<\/p>\n<p class=\"x_ydp6ed0d69fMsoNormal\">\u201cAqu\u00ed vivimos un ambiente festivo\u201d, sostuvo Hern\u00e1ndez, mientras que Robi\u00fa expres\u00f3 que es un momento para que los deportistas se den un gran abrazo. Hern\u00e1ndez, Tejeda Cess\u00e9 y Robi\u00fa, emitieron sus consideraciones durante el coctail celebrado en la v\u00edspera de la celebraci\u00f3n de la \u201cGran Gala Ol\u00edmpica\u201d que tiene lugar este mi\u00e9rcoles, en el Gran Sal\u00f3n La Fiesta del Hotel Jaragua.<\/p>\n<p class=\"x_ydp6ed0d69fMsoNormal\">\u201cEste es un evento cumbre que sella todos los \u00e9xito obtenidos por las federaciones durante el a\u00f1o y una muestra del trabajo que han hecho los atletas\u201d, dijo emocionado Hern\u00e1ndez<\/p>\n<p class=\"x_ydp6ed0d69fMsoNormal\">Tejeda Cess\u00e9 consider\u00f3 la celebraci\u00f3n de la \u201cGala Ol\u00edmpica\u201d como una medida excelente del Comit\u00e9 Ol\u00edmpico Dominicano para cada a\u00f1o el deportista dominicano se encuentre para darse un abrazo, sobre todo los atletas.<\/p>\n<p class=\"x_ydp6ed0d69fMsoNormal\">\u00a0Robi\u00fa dijo que \u201ces necesario lo que est\u00e1 haciendo el COD con la \u201cGala Ol\u00edmpica\u201d para distinguir a los atletas\u201d. \u201cCreo que para el a\u00f1o que viene debe entregarse como premio una suma m\u00e1s mayor para incentivar a los atletas\u201d.<\/p>\n","protected":false},"excerpt":{"rendered":"<p>Dirigentes de varias federaciones han visto con satisfacci\u00f3n y alegr\u00eda la celebraci\u00f3n de la \u201cGala Ol\u00edmpica\u201d, se\u00f1alando que este es un encuentro para darse un abrazo toda la familia deportiva del pa\u00eds.<\/p>\n","protected":false},"author":16,"featured_media":49002,"comment_status":"closed","ping_status":"closed","sticky":false,"template":"","format":"standard","meta":[],"categories":[2,60],"tags":[],"acf":[],"_links":{"self":[{"href":"https:\/\/colimdo.org\/wp-api\/wp\/v2\/posts\/49001"}],"collection":[{"href":"https:\/\/colimdo.org\/wp-api\/wp\/v2\/posts"}],"about":[{"href":"https:\/\/colimdo.org\/wp-api\/wp\/v2\/types\/post"}],"author":[{"embeddable":true,"href":"https:\/\/colimdo.org\/wp-api\/wp\/v2\/users\/16"}],"replies":[{"embeddable":true,"href":"https:\/\/colimdo.org\/wp-api\/wp\/v2\/comments?post=49001"}],"version-history":[{"count":1,"href":"https:\/\/colimdo.org\/wp-api\/wp\/v2\/posts\/49001\/revisions"}],"predecessor-version":[{"id":49003,"href":"https:\/\/colimdo.org\/wp-api\/wp\/v2\/posts\/49001\/revisions\/49003"}],"wp:featuredmedia":[{"embeddable":true,"href":"https:\/\/colimdo.org\/wp-api\/wp\/v2\/media\/49002"}],"wp:attachment":[{"href":"https:\/\/colimdo.org\/wp-api\/wp\/v2\/media?parent=49001"}],"wp:term":[{"taxonomy":"category","embeddable":true,"href":"https:\/\/colimdo.org\/wp-api\/wp\/v2\/categories?post=49001"},{"taxonomy":"post_tag","embeddable":true,"href":"https:\/\/colimdo.org\/wp-api\/wp\/v2\/tags?post=49001"}],"curies":[{"name":"wp","href":"https:\/\/api.w.org\/{rel}","templated":true}]}}