{"id":49004,"date":"2019-02-20T23:41:34","date_gmt":"2019-02-20T23:41:34","guid":{"rendered":"https:\/\/colimdo.org\/?p=49004"},"modified":"2019-02-20T23:41:34","modified_gmt":"2019-02-20T23:41:34","slug":"designan-ex-judoca-maria-garcia-enlace-atletas-alto-rendimiento-miderec","status":"publish","type":"post","link":"https:\/\/colimdo.org\/noticias\/designan-ex-judoca-maria-garcia-enlace-atletas-alto-rendimiento-miderec\/","title":{"rendered":"Designan a ex judoca Mar\u00eda Garc\u00eda\u00a0enlace entre atletas alto rendimiento y Miderec"},"content":{"rendered":"<p class=\"x_ydp8db70edfyiv1927762962MsoNormal\"><b>SANTO DOMINGO<\/b>. El Ministerio de Deportes y Recreaci\u00f3n (Miderec) design\u00f3 a la ex judoca Mar\u00eda Garc\u00eda como enlace entre esa instituci\u00f3n y los atletas de alto rendimiento.<\/p>\n<p class=\"x_ydp8db70edfyiv1927762962MsoNormal\">Garc\u00eda, una vegana que visti\u00f3 los colores de la bandera nacional internacionalmente en los tres niveles del deporte (Juegos Ol\u00edmpicos, Panamericanos y Centroamericanos y del Caribe), fue nombrada en esas funciones por el ministro de Deportes, licenciado Danilo D\u00edaz, en tanto que el viceministro Enmanuel Trinidad la posision\u00f3.<\/p>\n<p class=\"x_ydp8db70edfyiv1927762962MsoNormal\">La designaci\u00f3n y posterior juramentaci\u00f3n tuvo lugar en el despacho del ministro deportivo, en un acto que cont\u00f3 con la presencia del viceministro de Deportes y director del Programa de Apoyo a los Atletas de alto Rendimiento (PARNI), licenciado Enmanuel Trinidad.<\/p>\n<p class=\"x_ydp8db70edfyiv1927762962MsoNormal\">D\u00edaz resalt\u00f3 los m\u00e9ritos acumulados por Garc\u00eda durante una carrera de m\u00e1s de diez a\u00f1os como selecci\u00f3n nacional de judo.<\/p>\n<p class=\"x_ydp8db70edfyiv1927762962MsoNormal\">Dijo que los a\u00f1os de servicios a la patria en el \u00e1mbito del deporte avalan la designaci\u00f3n de Mar\u00eda para ocupar el puesto en cuesti\u00f3n y brindar un eficiente servicio, tanto al Ministerio como a los atletas.<\/p>\n<p class=\"x_ydp8db70edfyiv1927762962MsoNormal\">\u201cSu misi\u00f3n ser\u00e1 la de procurar un mayor acercamiento y mejor entendimiento entre los atletas y este Ministerio, as\u00ed como con el deporte federado en general\u201d, manifest\u00f3 el viceministro Trinidad.<\/p>\n<p class=\"x_ydp8db70edfyiv1927762962MsoNormal\">De su parte, Garc\u00eda agradeci\u00f3 la distinci\u00f3n y la confianza que sobre su persona deposita el ministro de Deportes.<\/p>\n<p class=\"x_ydp8db70edfyiv1927762962MsoNormal\">Dijo que trabajar\u00e1 arduamente para conseguir un mayor fortalecimiento de las \u201cexcelentes relaciones\u201d que ahora mismo tiene el Ministerio de Deportes con los atletas dominicanos.<\/p>\n<p class=\"x_ydp8db70edfyiv1927762962MsoNormal\">\u201cAsumo esta designaci\u00f3n con la seguridad de que no defraudar\u00e9 a los atletas, muchos de los cuales fueron mis ex compa\u00f1eros de selecci\u00f3n dentro de mi deporte y en otras disciplinas, pero mucho menos a la instituci\u00f3n como el Ministerio de Deportes ni a su ministro Danilo D\u00edaz, por la confianza que hoy depositan sobre mi persona\u201d, manifest\u00f3 la otrora judoca de los pesos bajos.<\/p>\n<p class=\"x_ydp8db70edfyiv1927762962MsoNormal\">Garc{ia naci\u00f3 en La Vega el 10 de agosto de 1987. Es hija del matrimonio de Miguel Facundo Garc\u00eda y Altagracia C\u00e1ceres.<\/p>\n<p class=\"x_ydp8db70edfyiv1927762962MsoNormal\">Uno de sus mayores logros dentro del tatami lo consigui\u00f3 en 13 de octubre del 2006 cuando se convirti\u00f3 en la primera judoca dominicana en ganar una medalla, de bronce, en un Mundial. Lo hizo en el Campeonato Juvenil celebrado en el pa\u00eds.<\/p>\n<p class=\"x_ydp8db70edfyiv1927762962MsoNormal\">Represent\u00f3 a la Rep\u00fablica Dominicana en tres versiones de los Juegos Centroamericanos y del Caribe de Cartagena de Indias 2006, Colombia; Mayag\u00fcez 2010, Puerto Rico; y Veracruz 2014, M\u00e9xico. En esos eventos totaliz\u00f3 seis medallas, dos de ellas de oro, adem\u00e1s de tres de plata y una de bronce.<\/p>\n<p class=\"x_ydp8db70edfyiv1927762962MsoNormal\">Asimismo, Garc\u00eda compiti\u00f3 en los Juegos Panamericanos de R\u00edo de Janeiro 2007, Brasil; y Toronto 2015, en Canad\u00e1. En cada uno de estos eventos continentales logr\u00f3 medalla de bronce.<\/p>\n<p class=\"x_ydp8db70edfyiv1927762962MsoNormal\">La vegada, que competi\u00f3 en los 52 kilogramos, particip\u00f3 adem\u00e1s en cinco Grand Slam y en siete Grand Prix.<\/p>\n<p class=\"x_ydp8db70edfyiv1927762962MsoNormal\">Tiene el honor de ser la primera judoca dominicana que conquista medalla en un Grand Slam, tras el bronce que gan\u00f3 en la versi\u00f3n de Brasil 2012. Adem\u00e1s de todas las competencias antes citadas, Garc\u00eda actu\u00f3 en dos versiones de los Juegos Ol\u00edmpicos, como fueron las de Beijing 2008 (China) y Londres 2012 (Inglaterra).<\/p>\n","protected":false},"excerpt":{"rendered":"<p>Garc\u00eda, una vegana que visti\u00f3 los colores de la bandera nacional internacionalmente en los tres niveles del deporte (Juegos Ol\u00edmpicos, Panamericanos y Centroamericanos y del Caribe), fue nombrada en esas funciones por el ministro de Deportes, licenciado Danilo D\u00edaz, en tanto que el viceministro Enmanuel Trinidad la posision\u00f3.<\/p>\n","protected":false},"author":16,"featured_media":49005,"comment_status":"closed","ping_status":"closed","sticky":false,"template":"","format":"standard","meta":[],"categories":[2,60],"tags":[],"acf":[],"_links":{"self":[{"href":"https:\/\/colimdo.org\/wp-api\/wp\/v2\/posts\/49004"}],"collection":[{"href":"https:\/\/colimdo.org\/wp-api\/wp\/v2\/posts"}],"about":[{"href":"https:\/\/colimdo.org\/wp-api\/wp\/v2\/types\/post"}],"author":[{"embeddable":true,"href":"https:\/\/colimdo.org\/wp-api\/wp\/v2\/users\/16"}],"replies":[{"embeddable":true,"href":"https:\/\/colimdo.org\/wp-api\/wp\/v2\/comments?post=49004"}],"version-history":[{"count":1,"href":"https:\/\/colimdo.org\/wp-api\/wp\/v2\/posts\/49004\/revisions"}],"predecessor-version":[{"id":49006,"href":"https:\/\/colimdo.org\/wp-api\/wp\/v2\/posts\/49004\/revisions\/49006"}],"wp:featuredmedia":[{"embeddable":true,"href":"https:\/\/colimdo.org\/wp-api\/wp\/v2\/media\/49005"}],"wp:attachment":[{"href":"https:\/\/colimdo.org\/wp-api\/wp\/v2\/media?parent=49004"}],"wp:term":[{"taxonomy":"category","embeddable":true,"href":"https:\/\/colimdo.org\/wp-api\/wp\/v2\/categories?post=49004"},{"taxonomy":"post_tag","embeddable":true,"href":"https:\/\/colimdo.org\/wp-api\/wp\/v2\/tags?post=49004"}],"curies":[{"name":"wp","href":"https:\/\/api.w.org\/{rel}","templated":true}]}}