{"id":49007,"date":"2019-02-21T01:02:11","date_gmt":"2019-02-21T01:02:11","guid":{"rendered":"https:\/\/colimdo.org\/?p=49007"},"modified":"2019-02-21T01:02:55","modified_gmt":"2019-02-21T01:02:55","slug":"victor-victor-agradece-apoyo-del-cod-al-arte-la-cultura","status":"publish","type":"post","link":"https:\/\/colimdo.org\/noticias\/victor-victor-agradece-apoyo-del-cod-al-arte-la-cultura\/","title":{"rendered":"V\u00edctor V\u00edctor agradece apoyo del Comit\u00e9 Ol\u00edmpico Dominicano al arte y la cultura"},"content":{"rendered":"<p><strong>Santo Domingo. <\/strong>El cantautor V\u00edctor V\u00edctor fue reconocido por su labor en el fomento y desarrollo del arte y la cultura en la celebraci\u00f3n de la \u201cGala Ol\u00edmpica\u201d, en la cual agradeci\u00f3 el apoyo que ha brindado a este rengl\u00f3n \u00a0el Comit\u00e9 Ol\u00edmpico Dominicano (COD) mediante la Federaci\u00f3n de Arte y Cultura, de la cual fue fundador.<\/p>\n<p>\u201cQuiero agradecer al Comit\u00e9 Ol\u00edmpico Dominicano que haya sostenido esta federaci\u00f3n que iniciamos a finales de los 70s\u201d, dijo el cantautor, quien recibi\u00f3 una placa de reconocimiento de manos del doctor Jos\u00e9 Joaquin Puello Herrera, presidente Ad Vitam del COD y de la embajadora de Canad\u00e1 en el pa\u00eds, Shauna Hemingway.<\/p>\n<p>Victor, quien revel\u00f3 que fue alumno de Puello Herrera mientras estudiaba psicolog\u00eda cl\u00ednica en la Universidad Aut\u00f3noma de Santo Domingo dedic\u00f3 este reconocimiento a su esposa y a \u201ctodos los puntos culturales de la Rep\u00fablica Dominicana por todo el esfuerzo que hacen\u201d.<\/p>\n<p>Reconocimiento a V\u00edctor Figueroa<\/p>\n<p>En la noche de los atletas dominicanos tambi\u00e9n fue reconocido el doctor V\u00edctor Figueroa, por los servicios que ha ofrecido al deporte dominicano en su trayectoria como profesional a trav\u00e9s de la Federaci\u00f3n de Medicina Deportiva.<\/p>\n","protected":false},"excerpt":{"rendered":"<p>El cantautor fue reconocido en la \u201cGala Ol\u00edmpica\u201d por su trayectoria en el fomento del arte y la cultura.<\/p>\n","protected":false},"author":16,"featured_media":49008,"comment_status":"closed","ping_status":"closed","sticky":false,"template":"","format":"standard","meta":[],"categories":[2,60],"tags":[],"acf":[],"_links":{"self":[{"href":"https:\/\/colimdo.org\/wp-api\/wp\/v2\/posts\/49007"}],"collection":[{"href":"https:\/\/colimdo.org\/wp-api\/wp\/v2\/posts"}],"about":[{"href":"https:\/\/colimdo.org\/wp-api\/wp\/v2\/types\/post"}],"author":[{"embeddable":true,"href":"https:\/\/colimdo.org\/wp-api\/wp\/v2\/users\/16"}],"replies":[{"embeddable":true,"href":"https:\/\/colimdo.org\/wp-api\/wp\/v2\/comments?post=49007"}],"version-history":[{"count":2,"href":"https:\/\/colimdo.org\/wp-api\/wp\/v2\/posts\/49007\/revisions"}],"predecessor-version":[{"id":49010,"href":"https:\/\/colimdo.org\/wp-api\/wp\/v2\/posts\/49007\/revisions\/49010"}],"wp:featuredmedia":[{"embeddable":true,"href":"https:\/\/colimdo.org\/wp-api\/wp\/v2\/media\/49008"}],"wp:attachment":[{"href":"https:\/\/colimdo.org\/wp-api\/wp\/v2\/media?parent=49007"}],"wp:term":[{"taxonomy":"category","embeddable":true,"href":"https:\/\/colimdo.org\/wp-api\/wp\/v2\/categories?post=49007"},{"taxonomy":"post_tag","embeddable":true,"href":"https:\/\/colimdo.org\/wp-api\/wp\/v2\/tags?post=49007"}],"curies":[{"name":"wp","href":"https:\/\/api.w.org\/{rel}","templated":true}]}}