{"id":49011,"date":"2019-02-21T01:07:05","date_gmt":"2019-02-21T01:07:05","guid":{"rendered":"https:\/\/colimdo.org\/?p=49011"},"modified":"2019-02-21T01:07:05","modified_gmt":"2019-02-21T01:07:05","slug":"luis-mejia-destaca-logros-del-deporte-noche-magica-festejos","status":"publish","type":"post","link":"https:\/\/colimdo.org\/noticias\/luis-mejia-destaca-logros-del-deporte-noche-magica-festejos\/","title":{"rendered":"Luis Mej\u00eda destaca logros del deporte en \u201cNoche M\u00e1gica de Festejos\u201d"},"content":{"rendered":"<p><b><span lang=\"ES-DO\">SANTO DOMINGO.\u00a0<\/span><\/b><span lang=\"ES-DO\">En lo que denomin\u00f3 \u201cNoche M\u00e1gica de Festejos\u201d, el presidente del Comit\u00e9 Ol\u00edmpico Dominicano (COD, licenciado Luis Mej\u00eda Oviedo, cit\u00f3 los resultados m\u00e1s sobresalientes del pasado a\u00f1o en materia deportiva.<\/span><\/p>\n<p><span lang=\"ES-DO\">En su tradicional discurso de lo que denomin\u00f3 \u201crendici\u00f3n de cuentas\u201d, el presidente del COD consider\u00f3 que las proezas obtenidas por los atletas en eventos nacionales e internacionales coparon de celebraci\u00f3n el Movimiento Deportivo y al pa\u00eds.<\/span><\/p>\n<p><span lang=\"ES-DO\">\u201cEn el 2018 el deporte vivi\u00f3 grandes momentos. Se rescataron torneos deportivos tradicionales, Creso continu\u00f3 su indetenible y sustancial apoyo creando un programa de inserci\u00f3n laboral\u201d, agreg\u00f3 Mej\u00eda.<\/span><\/p>\n<p><span lang=\"ES-DO\">El alto dirigente ol\u00edmpico destac\u00f3 en su m\u00e1xima expresi\u00f3n las 107 medallas y el quinto lugar general que obtuvo la Rep\u00f9blica Dominicana en los pasados XIV Juegos Centroamericanos y del Caribe de Barranquilla, Colombia.<\/span><\/p>\n<p><span lang=\"ES-DO\">\u201cSuperamos los pron\u00f3sticos y no hubo ning\u00fan atleta dopado. En Barranquilla ense\u00f1amos el relevo\u201d, se\u00f1al\u00f3 Mej\u00eda, al tiempo de resaltar el trabajo de prevenci\u00f3n de la Federaci\u00f3n Dominicana de Medicina Deportiva (Fedomede).<\/span><\/p>\n<p><span lang=\"ES-DO\">El tambi\u00e9n miembro del Comit\u00e9 Ol\u00edmpico Internacional cit\u00f3 el invicto en Juegos Ol\u00edmpicos desde el 2004, tras las conquistas del oro y bronce en los Juegos Ol\u00edmpicos de la Juventud de Buenos Aires, Argentina, as\u00ed como el rescate de los Juegos Deportivos Nacionales tras 12 a\u00f1os de ausencia.<\/span><\/p>\n<p><span lang=\"ES-DO\">Al insistir que el deporte dio grandes momentos, tambi\u00e9n celebr\u00f3 la inclusi\u00f3n, con las Olimpiadas Especiales de Tenis que tuvo lugar en el Parque del Este, dando cr\u00e9dito a la primera dama, C\u00e1ndida de Medina, as\u00ed como al Ministerio de Deportes y la Federaci\u00f3n de Tenis.<\/span><\/p>\n<p><span lang=\"ES-DO\">Otro logro ha sido, seg\u00fan revel\u00f3, tras nueve a\u00f1os de espera, la integraci\u00f3n de la Rep\u00fablica Dominicana a la Organizaci\u00f3n Deportiva Centroamericana (Ordeca) para en el 2022 estar presente en los Juegos Ol\u00edmpicos de Invierno en Beijing, China.<\/span><\/p>\n<p><b><span lang=\"ES-DO\">Las novedades<\/span><\/b><\/p>\n<p><span lang=\"ES-DO\">El licenciado Mej\u00eda adelant\u00f3 que el comit\u00e9 ejecutivo del COD sesionar\u00e1 fuera de oficina y sostendr\u00e1 encuentros en los clubes, as\u00ed como en provincias para trabajar con los directivos de estas entidades.<\/span><\/p>\n<p><span lang=\"ES-DO\">En abril y mayo, seg\u00fan dijo, ser\u00e1n los primeros encuentros en el club Mauricio B\u00e1ez y en Santiago, respectivamente.<\/span><\/p>\n<p><span lang=\"ES-DO\">Valor\u00f3 la integraci\u00f3n al comit\u00e9 ejecutivo del doble medallista ol\u00edmpico F\u00e9lix S\u00e1nchez, y que pr\u00f3ximamente ser\u00e1 integrada una dama atleta.<\/span><\/p>\n<p><span lang=\"ES-DO\">El licenciado Mej\u00eda agradeci\u00f3 el apoyo de la Cervecer\u00eda Nacional Dominicana (CND) y al Ayuntamiento del Distrito Nacional,\u00a0\u00a0<\/span><\/p>\n","protected":false},"excerpt":{"rendered":"<p>En lo que denomin\u00f3 \u201cNoche M\u00e1gica de Festejos\u201d, el presidente del Comit\u00e9 Ol\u00edmpico Dominicano (COD, licenciado Luis Mej\u00eda Oviedo, cit\u00f3 los resultados m\u00e1s sobresalientes del pasado a\u00f1o en materia deportiva.<\/p>\n","protected":false},"author":16,"featured_media":49012,"comment_status":"closed","ping_status":"closed","sticky":false,"template":"","format":"standard","meta":[],"categories":[2,60],"tags":[],"acf":[],"_links":{"self":[{"href":"https:\/\/colimdo.org\/wp-api\/wp\/v2\/posts\/49011"}],"collection":[{"href":"https:\/\/colimdo.org\/wp-api\/wp\/v2\/posts"}],"about":[{"href":"https:\/\/colimdo.org\/wp-api\/wp\/v2\/types\/post"}],"author":[{"embeddable":true,"href":"https:\/\/colimdo.org\/wp-api\/wp\/v2\/users\/16"}],"replies":[{"embeddable":true,"href":"https:\/\/colimdo.org\/wp-api\/wp\/v2\/comments?post=49011"}],"version-history":[{"count":1,"href":"https:\/\/colimdo.org\/wp-api\/wp\/v2\/posts\/49011\/revisions"}],"predecessor-version":[{"id":49013,"href":"https:\/\/colimdo.org\/wp-api\/wp\/v2\/posts\/49011\/revisions\/49013"}],"wp:featuredmedia":[{"embeddable":true,"href":"https:\/\/colimdo.org\/wp-api\/wp\/v2\/media\/49012"}],"wp:attachment":[{"href":"https:\/\/colimdo.org\/wp-api\/wp\/v2\/media?parent=49011"}],"wp:term":[{"taxonomy":"category","embeddable":true,"href":"https:\/\/colimdo.org\/wp-api\/wp\/v2\/categories?post=49011"},{"taxonomy":"post_tag","embeddable":true,"href":"https:\/\/colimdo.org\/wp-api\/wp\/v2\/tags?post=49011"}],"curies":[{"name":"wp","href":"https:\/\/api.w.org\/{rel}","templated":true}]}}