{"id":49014,"date":"2019-02-21T03:05:42","date_gmt":"2019-02-21T03:05:42","guid":{"rendered":"https:\/\/colimdo.org\/?p=49014"},"modified":"2019-02-21T03:05:42","modified_gmt":"2019-02-21T03:05:42","slug":"deury-corniel-gana-distincion-atleta-del-ano-gala-olimpica","status":"publish","type":"post","link":"https:\/\/colimdo.org\/noticias\/deury-corniel-gana-distincion-atleta-del-ano-gala-olimpica\/","title":{"rendered":"Deury Corniel gana distinci\u00f3n Atleta del A\u00f1o Gala Ol\u00edmpica"},"content":{"rendered":"<p><b><span lang=\"ES-DO\">SANTO DOMINGO.\u00a0<\/span><\/b><span lang=\"ES-DO\">El medallista ol\u00edmpico juvenil, Deury Corniel, fue escogido de manera un\u00e1nime como Atleta del A\u00f1o en la Gran Gala Ol\u00edmpica celebrada este mi\u00e9rcoles en el Sal\u00f3n La Fiesta del hotel Jaragua.<\/span><\/p>\n<p><span lang=\"ES-DO\">Corniel, de 18 a\u00f1os, fue campe\u00f3n del mundial juvenil de la\u00a0<\/span><span lang=\"ES-DO\">modalidad Kiteboard IKA Twin Tip Racing hombres en el deporte de Vela<\/span>\u00a0y medallista de oro en los Juegos Ol\u00edmpicos de la Juventud celebrados en Buenos Aires, Argentina.<\/p>\n<p><span lang=\"ES-DO\">\u201cGracias a Dios por mantenerme aqu\u00ed. No esperaba ser atleta del a\u00f1o, ha sido una sorpresa y seguiremos adelante\u201d, coment\u00f3 Corniel, quien recibir\u00e1 adem\u00e1s un mill\u00f3n de pesos como premio por la distinci\u00f3n.<\/span><\/p>\n<p><span lang=\"ES-DO\">El licenciado Gilberto Garc\u00eda, secretario general del COD, dio a conocer al ganador del m\u00e1ximo galard\u00f3n, el cual fue seleccionado durante una sesi\u00f3n extraordinaria del comit\u00e9 ejecutivo del organismo ol\u00edmpico.<\/span><\/p>\n<p><span lang=\"ES-DO\">\u201cHa sido un trabajo arduo, con mucho entrenamiento y ahora es continuar con el programa y ya en abril comenzamos el calendario de competencia\u201d, agreg\u00f3 Corniel.<\/span><\/p>\n<p><span lang=\"ES-DO\">El presidente de la Federaci\u00f3n Dominicana de Vela, se\u00f1or F\u00e9lix Payano, resalt\u00f3 la entrega del joven atleta y le exhort\u00f3 a mantener y el esp\u00edritu de trabajo para que contin\u00fae cosechando \u00e9xitos.<\/span><\/p>\n<p><b><span lang=\"ES-DO\">Medallas al m\u00e9rito<\/span><\/b><\/p>\n<p><span lang=\"ES-DO\">El Comit\u00e9 Ol\u00edmpico Dominicano entreg\u00f3 medallas al m\u00e9rito a atletas que tuvieron una destacada actuaci\u00f3n en eventos nacionales e internacionales.<\/span><\/p>\n<p><span lang=\"ES-DO\">Las preseas al m\u00e9rito fueron entregadas por los medallistas ol\u00edmpicos F\u00e9lix S\u00e1nchez, F\u00e9lix Manuel D\u00edaz, Gabriel Mercedes, Luisito Pie y Milagros Cabral, entre otros.<\/span><\/p>\n<p><span lang=\"ES-DO\">Eduardo Mu\u00f1iz, directivo de la Federaci\u00f3n de Tenis, recibi\u00f3 la medalla de V\u00edctor Estrella, ganador de tres metales de oro en Barranquilla; Eduardo Mu\u00f1iz se hizo cargo de la distinci\u00f3n de Yvonne Losos de Mu\u00f1iz. Ambos deportistas estuvieron ausentes por compromisos en el exterior.<\/span><\/p>\n<p><span lang=\"ES-DO\">El nadador Denzel Gonz\u00e1lez, ganador de cinco medallas de oro, y la ciclista Ruth Santana, quien obtuvo seis preseas doradas y una de plata, en los pasados Juegos Deportivos Nacionales, tambi\u00e9n fueron reconocidos.<\/span><\/p>\n<p><span lang=\"ES-DO\">Los ganadores de medallas en los Juegos Ol\u00edmpicos de la Juventud, Deury Corniel, oro, y el judoca Antonio Tornal, bronce, tambi\u00e9n recibieron sus respectivos reconocimientos, al igual que dos deportistas que sobresalieron en el mundial de Tenis de Olimpiadas Especiales que se celebr\u00f3 en el Parque del Este.<\/span><\/p>\n<p><b><span lang=\"ES-DO\">Otros reconocimientos<\/span><\/b><\/p>\n<p><span lang=\"ES-DO\">A la Federaci\u00f3n Dominicana de Tenis (Fedotenis) le fue entregada un pergamino de reconocimiento por el apoyo en la celebraci\u00f3n en el pa\u00eds el mundial de Tenis de Olimpiadas Especiales.<\/span><\/p>\n<p class=\"yiv4476767578ydp37c37fbdMsoNoSpacing\"><span lang=\"ES-DO\">El cantautor V\u00edctor V\u00edctor fue reconocido por su labor en el fomento y desarrollo del arte y la cultura, al tiempo de agrader el apoyo que ha brindado a este rengl\u00f3n \u00a0el Comit\u00e9 Ol\u00edmpico Dominicano (COD) mediante la Federaci\u00f3n de Arte y Cultura, de la cual fue fundador.<\/span><\/p>\n<p class=\"yiv4476767578ydp37c37fbdMsoNoSpacing\"><span lang=\"ES-DO\">\u201cQuiero agradecer al Comit\u00e9 Ol\u00edmpico Dominicano que haya sostenido esta federaci\u00f3n que iniciamos a finales de los 70s\u201d, dijo el cantautor, quien recibi\u00f3 una placa de reconocimiento de manos del doctor Jos\u00e9 Joaquin Puello Herrera, presidente Ad Vitam del COD, y de la embajadora de Canad\u00e1 en el pa\u00eds, Shauna Hemingway.<\/span><\/p>\n<p class=\"yiv4476767578ydp37c37fbdMsoNoSpacing\"><span lang=\"ES-DO\">En la noche de los atletas dominicanos tambi\u00e9n fue reconocido el doctor V\u00edctor Figueroa, por los servicios que ha ofrecido al deporte dominicano en su trayectoria como profesional a trav\u00e9s de la Federaci\u00f3n de Medicina Deportiva.<\/span><\/p>\n<p class=\"yiv4476767578ydp37c37fbdMsoNoSpacing\"><b><span lang=\"ES-DO\">La Parte art\u00edstica<\/span><\/b><\/p>\n<p class=\"yiv4476767578ydp37c37fbdMsoNoSpacing\"><span lang=\"ES-DO\">El cierre art\u00edstico qued\u00f3 en manos del popular artista Al\u00e1 Jas\u00e0, quien no defraud\u00f3 al auditorium, mientras que Trompo Loco y Anderson Humor deleitaron con sus ocurrencias.<\/span><\/p>\n<p class=\"yiv4476767578ydp37c37fbdMsoNoSpacing\"><span lang=\"ES-DO\">El int\u00e9rprete del g\u00e9nero dembow, L\u00edrico en la Casa, tambi\u00e9n fue parte del elenco art\u00edstico de la Gran Gala Ol\u00edmpica, as\u00ed como participaci\u00f3n de la Comparsa Invadiendo el Carnaval.<\/span><\/p>\n<p class=\"yiv4476767578ydp37c37fbdMsoNoSpacing\"><span lang=\"ES-DO\">\u00a0<\/span><\/p>\n","protected":false},"excerpt":{"rendered":"<p>El medallista ol\u00edmpico juvenil, Deury Corniel, fue escogido de manera un\u00e1nime como Atleta del A\u00f1o en la Gran Gala Ol\u00edmpica celebrada este mi\u00e9rcoles en el Sal\u00f3n La Fiesta del hotel Jaragua.<\/p>\n","protected":false},"author":16,"featured_media":49015,"comment_status":"closed","ping_status":"closed","sticky":false,"template":"","format":"standard","meta":[],"categories":[2,60],"tags":[],"acf":[],"_links":{"self":[{"href":"https:\/\/colimdo.org\/wp-api\/wp\/v2\/posts\/49014"}],"collection":[{"href":"https:\/\/colimdo.org\/wp-api\/wp\/v2\/posts"}],"about":[{"href":"https:\/\/colimdo.org\/wp-api\/wp\/v2\/types\/post"}],"author":[{"embeddable":true,"href":"https:\/\/colimdo.org\/wp-api\/wp\/v2\/users\/16"}],"replies":[{"embeddable":true,"href":"https:\/\/colimdo.org\/wp-api\/wp\/v2\/comments?post=49014"}],"version-history":[{"count":1,"href":"https:\/\/colimdo.org\/wp-api\/wp\/v2\/posts\/49014\/revisions"}],"predecessor-version":[{"id":49016,"href":"https:\/\/colimdo.org\/wp-api\/wp\/v2\/posts\/49014\/revisions\/49016"}],"wp:featuredmedia":[{"embeddable":true,"href":"https:\/\/colimdo.org\/wp-api\/wp\/v2\/media\/49015"}],"wp:attachment":[{"href":"https:\/\/colimdo.org\/wp-api\/wp\/v2\/media?parent=49014"}],"wp:term":[{"taxonomy":"category","embeddable":true,"href":"https:\/\/colimdo.org\/wp-api\/wp\/v2\/categories?post=49014"},{"taxonomy":"post_tag","embeddable":true,"href":"https:\/\/colimdo.org\/wp-api\/wp\/v2\/tags?post=49014"}],"curies":[{"name":"wp","href":"https:\/\/api.w.org\/{rel}","templated":true}]}}