{"id":49026,"date":"2019-02-21T16:27:20","date_gmt":"2019-02-21T16:27:20","guid":{"rendered":"https:\/\/colimdo.org\/?p=49026"},"modified":"2019-02-21T16:27:20","modified_gmt":"2019-02-21T16:27:20","slug":"air-europa-acuerda-linea-oficial-la-seleccion-nacional-futbol","status":"publish","type":"post","link":"https:\/\/colimdo.org\/noticias\/air-europa-acuerda-linea-oficial-la-seleccion-nacional-futbol\/","title":{"rendered":"Air Europa acuerda ser l\u00ednea oficial de la Selecci\u00f3n Nacional de F\u00fatbol"},"content":{"rendered":"<p><b>Santo Domingo.-<\/b>\u00a0La Federaci\u00f3n Dominicana de F\u00fatbol (Fedofutbol) y la empresa espa\u00f1ola Air Europa firmaron un acuerdo mediante el cual la segunda se convierte en la l\u00ednea a\u00e9rea oficial de la Selecci\u00f3n Dominicana de F\u00fatbol para los vuelos trasatl\u00e1nticos de los jugadores nacionales.<\/p>\n<p>El contrato entre las dos entidades los suscribieron el presidente de Fedofutbol, Manuel Luna, y el Director Regional de Air Europa para la zona del Caribe, Francisco Jos\u00e9 P\u00e9rez y el mismo estar\u00e1 vigente durante todo el a\u00f1o 2019 con renovaci\u00f3n autom\u00e1tica hasta que las partes lo entiendan conveniente.<\/p>\n<p>\u201cHoy celebramos este acuerdo que impulsa a nuestra\u00a0equipo nacional\u00a0y viene a satisfacer una de las\u00a0necesidades\u00a0que hab\u00edamos conversado con el capit\u00e1n de nuestra selecci\u00f3n, Tano Bonn\u00edn,\u00a0a quien agradezco enormemente su disposici\u00f3n de trabajar con nosotros para bien del f\u00fatbol dominicano\u201d, expres\u00f3 Luna.<\/p>\n<p>\u201cNosotros tenemos un v\u00ednculo muy grande con Rep\u00fablica Dominicana y para Air Europa es un orgullo poder apoyar a la selecci\u00f3n\u00a0de este pa\u00eds y hacer nuestro aporte para que el equipo nacional pueda alcanzar las grandes metas que tiene el camino\u201d, afirm\u00f3\u00a0Paco\u00a0P\u00e9rez luego de la firma.<\/p>\n<p>El acuerdo contempla que la l\u00ednea a\u00e9rea garantizar\u00e1 los mejores precios y tarifas para Fedofutbol, quien en todos los casos que sea posible solo tendr\u00e1 que pagar tasas e impuestos por los tickets\u00a0a\u00e9reos\u00a0de los jugadores, entrenadores y personal para viajes trasatl\u00e1nticos.\u00a0Adem\u00e1s\u00a0Air Europa ofrecer\u00e1, de acuerdo a su disponibilidad \u201cupgrades\u201d\u00a0a la hora de hacer\u00a0check\u00a0in en el aeropuerto.<\/p>\n<p>A cambio la empresa espa\u00f1ola tendr\u00e1 una serie de beneficios de exposici\u00f3n de marca en los canales de comunicaci\u00f3n oficial de la Federaci\u00f3n Dominicana de Futbol, as\u00ed como en los eventos que se realicen de la\u00a0Seleccci\u00f3n.<\/p>\n","protected":false},"excerpt":{"rendered":"<p>Santo Domingo.-\u00a0La Federaci\u00f3n Dominicana de F\u00fatbol (Fedofutbol) y la empresa espa\u00f1ola Air Europa firmaron un acuerdo mediante el cual la segunda se convierte en la l\u00ednea a\u00e9rea oficial de la Selecci\u00f3n Dominicana de F\u00fatbol para los vuelos trasatl\u00e1nticos de los jugadores nacionales. El contrato entre las dos entidades los suscribieron el presidente de Fedofutbol, Manuel [&hellip;]<\/p>\n","protected":false},"author":9,"featured_media":49027,"comment_status":"closed","ping_status":"closed","sticky":false,"template":"","format":"standard","meta":[],"categories":[3,2,60],"tags":[],"acf":[],"_links":{"self":[{"href":"https:\/\/colimdo.org\/wp-api\/wp\/v2\/posts\/49026"}],"collection":[{"href":"https:\/\/colimdo.org\/wp-api\/wp\/v2\/posts"}],"about":[{"href":"https:\/\/colimdo.org\/wp-api\/wp\/v2\/types\/post"}],"author":[{"embeddable":true,"href":"https:\/\/colimdo.org\/wp-api\/wp\/v2\/users\/9"}],"replies":[{"embeddable":true,"href":"https:\/\/colimdo.org\/wp-api\/wp\/v2\/comments?post=49026"}],"version-history":[{"count":1,"href":"https:\/\/colimdo.org\/wp-api\/wp\/v2\/posts\/49026\/revisions"}],"predecessor-version":[{"id":49028,"href":"https:\/\/colimdo.org\/wp-api\/wp\/v2\/posts\/49026\/revisions\/49028"}],"wp:featuredmedia":[{"embeddable":true,"href":"https:\/\/colimdo.org\/wp-api\/wp\/v2\/media\/49027"}],"wp:attachment":[{"href":"https:\/\/colimdo.org\/wp-api\/wp\/v2\/media?parent=49026"}],"wp:term":[{"taxonomy":"category","embeddable":true,"href":"https:\/\/colimdo.org\/wp-api\/wp\/v2\/categories?post=49026"},{"taxonomy":"post_tag","embeddable":true,"href":"https:\/\/colimdo.org\/wp-api\/wp\/v2\/tags?post=49026"}],"curies":[{"name":"wp","href":"https:\/\/api.w.org\/{rel}","templated":true}]}}