{"id":49029,"date":"2019-02-21T16:29:41","date_gmt":"2019-02-21T16:29:41","guid":{"rendered":"https:\/\/colimdo.org\/?p=49029"},"modified":"2019-02-21T16:29:41","modified_gmt":"2019-02-21T16:29:41","slug":"celebraran-sabado-torneo-atletismo-escolar-superior","status":"publish","type":"post","link":"https:\/\/colimdo.org\/noticias\/celebraran-sabado-torneo-atletismo-escolar-superior\/","title":{"rendered":"Celebrar\u00e1n el s\u00e1bado torneo de atletismo escolar y superior"},"content":{"rendered":"<p style=\"font-weight: 400;\"><strong>SANTO DOMINGO<\/strong>.\u00a0 La Federaci\u00f3n Dominicana de Asociaciones de Atletismo (FDAA) celebrar\u00e1 ma\u00f1ana, s\u00e1bado, los torneos regionales Escolar y Superior correspondiente al Gran Santo Domingo.<\/p>\n<p style=\"font-weight: 400;\">Ambos campeonatos ser\u00e1n disputados de manera simult\u00e1nea desde las 9:00 de la ma\u00f1ana e<strong>Celebran el s\u00e1bado torneo regional atletismo escolar y superior<\/strong>n la pista Alberto Torres de La Mota, del Estadio Ol\u00edmpico F\u00e9lix S\u00e1nchez.<\/p>\n<p style=\"font-weight: 400;\">El evento se prolongar\u00e1 hasta las 5:00 de la tarde del mismo s\u00e1bado 23 de los corrientes, inform\u00f3 el licenciado Gerardo Suero Correa.<\/p>\n<p style=\"font-weight: 400;\">Al ofrecer los detalles de ambas justas, el presidente de la Federaci\u00f3n Dominicana de camp o y pista precis\u00f3 que contar\u00e1n con el patrocinio del Ministerio de Deportes y de los Bonos Ol\u00edmpicos de la Federaci\u00f3n Internacional de Atletismo (IAAF).<\/p>\n<p style=\"font-weight: 400;\"><strong>En edad escolar<\/strong><\/p>\n<p style=\"font-weight: 400;\">El torneo escolar abarcar\u00e1 las edades de 14-15 y 16-17 a\u00f1os, con la presencia de 250 atletas representantes de los centros educativos del Distrito Nacional y la Provincia Santo Domingo.<\/p>\n<p style=\"font-weight: 400;\">Gerardo Suero indic\u00f3 que este torneo tiene como objetivo seleccionar los 250 mejores talentos que posteriormente competir\u00e1n en el Campeonato Nacional, programado para efectuarse los d\u00edas 15 y 16 de junio en el Estadio Ol\u00edmpico F\u00e9lix S\u00e1nchez.<\/p>\n<p style=\"font-weight: 400;\">Dijo que los 250 atletas que asistir\u00e1n al torneo nacional en junio venidero, saldr\u00e1n de todas eliminatorias nacionales que har\u00e1 la federaci\u00f3n entre febrero y mayo pr\u00f3ximo. Se refiri\u00f3 a los de las zonas Sur, Este y Norte.<\/p>\n<p style=\"font-weight: 400;\">\u201cEn el regional de la Zona Metropolitana se competir\u00e1 en pruebas de velocidad desde 100, 200, 400 y 800 metros planos, as\u00ed como en salto largo, impulso de la baja y lanzamiento de jabalina, que son todas las pruebas que engloban los torneos en edad escolar\u201d, indic\u00f3.<\/p>\n<p style=\"font-weight: 400;\">En superior<\/p>\n<p style=\"font-weight: 400;\">Sobre el torneo superior del Gran Santo Domingo, Gerardo Suero precis\u00f3 que tambi\u00e9n actuar\u00e1n 250 atletas, de los cuales saldr\u00e1n los talentos que representar\u00e1n a esta zona en el campeonato nacional del pr\u00f3ximo mes de junio.<\/p>\n<p style=\"font-weight: 400;\">Explic\u00f3 que se competir\u00e1 en todas las pruebas, desde 100 hasta 5,000 metros, as\u00ed como en salto alto, salto largo y triple, adem\u00e1s de lanzamiento de bala, jabalina y martillo, respectivamente.<\/p>\n<p style=\"font-weight: 400;\">El presidente de la Federaci\u00f3n de Atletismo sostuvo adem\u00e1s que el regional superior servir\u00e1 de preparaci\u00f3n para el torneo de atletismo de los Juegos Deportivos Militares de las Fuerzas Armadas y la Polic\u00eda Nacional, programado para celebrarse en el mes de mayo.<\/p>\n<p style=\"font-weight: 400;\">\u201cEl s\u00e1bado celebraremos dos eventos muy importantes para los atletas escolares, superiores y para nuestra federaci\u00f3n\u201d, concluy\u00f3 Gerardo Suero Correa.<\/p>\n","protected":false},"excerpt":{"rendered":"<p>SANTO DOMINGO.\u00a0 La Federaci\u00f3n Dominicana de Asociaciones de Atletismo (FDAA) celebrar\u00e1 ma\u00f1ana, s\u00e1bado, los torneos regionales Escolar y Superior correspondiente al Gran Santo Domingo. Ambos campeonatos ser\u00e1n disputados de manera simult\u00e1nea desde las 9:00 de la ma\u00f1ana eCelebran el s\u00e1bado torneo regional atletismo escolar y superiorn la pista Alberto Torres de La Mota, del Estadio [&hellip;]<\/p>\n","protected":false},"author":9,"featured_media":49030,"comment_status":"closed","ping_status":"closed","sticky":false,"template":"","format":"standard","meta":[],"categories":[3,2,60],"tags":[],"acf":[],"_links":{"self":[{"href":"https:\/\/colimdo.org\/wp-api\/wp\/v2\/posts\/49029"}],"collection":[{"href":"https:\/\/colimdo.org\/wp-api\/wp\/v2\/posts"}],"about":[{"href":"https:\/\/colimdo.org\/wp-api\/wp\/v2\/types\/post"}],"author":[{"embeddable":true,"href":"https:\/\/colimdo.org\/wp-api\/wp\/v2\/users\/9"}],"replies":[{"embeddable":true,"href":"https:\/\/colimdo.org\/wp-api\/wp\/v2\/comments?post=49029"}],"version-history":[{"count":1,"href":"https:\/\/colimdo.org\/wp-api\/wp\/v2\/posts\/49029\/revisions"}],"predecessor-version":[{"id":49031,"href":"https:\/\/colimdo.org\/wp-api\/wp\/v2\/posts\/49029\/revisions\/49031"}],"wp:featuredmedia":[{"embeddable":true,"href":"https:\/\/colimdo.org\/wp-api\/wp\/v2\/media\/49030"}],"wp:attachment":[{"href":"https:\/\/colimdo.org\/wp-api\/wp\/v2\/media?parent=49029"}],"wp:term":[{"taxonomy":"category","embeddable":true,"href":"https:\/\/colimdo.org\/wp-api\/wp\/v2\/categories?post=49029"},{"taxonomy":"post_tag","embeddable":true,"href":"https:\/\/colimdo.org\/wp-api\/wp\/v2\/tags?post=49029"}],"curies":[{"name":"wp","href":"https:\/\/api.w.org\/{rel}","templated":true}]}}