{"id":49032,"date":"2019-02-21T16:32:26","date_gmt":"2019-02-21T16:32:26","guid":{"rendered":"https:\/\/colimdo.org\/?p=49032"},"modified":"2019-02-21T16:32:26","modified_gmt":"2019-02-21T16:32:26","slug":"pesistas-dominicanos-viajan-la-copa-del-mundo-fuzhou-china","status":"publish","type":"post","link":"https:\/\/colimdo.org\/noticias\/pesistas-dominicanos-viajan-la-copa-del-mundo-fuzhou-china\/","title":{"rendered":"Pesistas dominicanos viajan a la Copa del Mundo de Fuzhou, China"},"content":{"rendered":"<p class=\"m_1478595872519156386gmail-m-4885284155848055649ydp2a157534msonormal\"><b><span lang=\"ES-DO\">SANTO DOMINGO.<\/span><\/b><span lang=\"ES-DO\">\u00a0Cuatro atletas de levantamiento de pesas continuar\u00e1n desde este viernes la persecuci\u00f3n de sus sue\u00f1os ol\u00edmpicos cuando compitan en la Copa del Mundo de Fuzhou, China.<\/span><\/p>\n<p class=\"m_1478595872519156386gmail-m-4885284155848055649ydp2a157534msonormal\"><span lang=\"ES-DO\">Crismery Santana y Beatriz Pir\u00f3n intentar\u00e1n seguir dentro de la clasificaci\u00f3n hacia los Juegos Ol\u00edmpicos de Tokio 2020, mientras que Luis Garc\u00eda Ver\u00f3nica Salad\u00edn encaran el reto de meterse entre los mejores ocho del mundo en sus respectivas divisiones o mantenerse cerca de la clasificaci\u00f3n.<\/span><\/p>\n<p class=\"m_1478595872519156386gmail-m-4885284155848055649ydp2a157534msonormal\"><span lang=\"ES-DO\">Los pesistas partieron en la madrugada del mi\u00e9rcoles con destino a Fuzhou, la ciudad del gigante asi\u00e1tico, donde hoy inicia la Copa del Mundo, segunda de las cinco patas clasificatorias hacia las olimp\u00edadas de Tokio.<\/span><\/p>\n<p class=\"m_1478595872519156386gmail-m-4885284155848055649ydp2a157534msonormal\"><span lang=\"ES-DO\">Santana y Pir\u00f3n est\u00e1n ubicadas ahora mismo en los puestos 3 y 4 del escalaf\u00f3n mundial en sus respectivos pesos y figuran nominalmente clasificadas a los Juegos Ol\u00edmpicos. Compiten en los 49 y 87 kilogramos, sucesivamente. Salad\u00edn subir\u00e1 a la plataforma en +90 y Garc\u00eda en los 61kgs.<\/span><\/p>\n<p class=\"m_1478595872519156386gmail-m-4885284155848055649ydp2a157534msonormal\"><span lang=\"ES-DO\">El grupo de atletas viaj\u00f3 en compa\u00f1\u00eda del t\u00e9cnico H\u00e9ctor Dom\u00ednguez, entrenador en jefe de la selecci\u00f3n superior; William Ozuna, presidente de la Federaci\u00f3n Dominicana de Halterofilia y Luigino Matos, delegado t\u00e9cnico de la representaci\u00f3n dominicana.<\/span><\/p>\n<p class=\"m_1478595872519156386gmail-m-4885284155848055649ydp2a157534msonormal\"><span lang=\"ES-DO\">En la Copa del Mundo que inicia este viernes se competir\u00e1 hasta el 27 de este mes y en la misma participan los mejores exponentes de ese deporte a nivel mundial.<\/span><\/p>\n<p class=\"m_1478595872519156386gmail-m-4885284155848055649ydp2a157534msonormal\"><span lang=\"ES-DO\">\u201cEs el segundo evento clasificatorio del a\u00f1o con miras a los Juegos Ol\u00edmpicos del 2020 en Tokio, Jap\u00f3n. Nuestra delegaci\u00f3n viaja con el respaldo del Ministerio de Deportes en cuanto a la log\u00edstica (vi\u00e1ticos), pero el gobierno de la Rep\u00fablica Popular China, a trav\u00e9s del Comit\u00e9 Organizador, facilitaron los boletos a\u00e9reos y cubrir\u00e1n la alimentaci\u00f3n y estad\u00eda de toda nuestra delegaci\u00f3n\u201d, dijo William Ozuna.<\/span><\/p>\n<p class=\"m_1478595872519156386gmail-m-4885284155848055649ydp2a157534msonormal\"><span lang=\"ES-DO\">Record\u00f3 que el primer clasificatorio hacia las Olimp\u00edadas de Tokio tuvo lugar en Turmenist\u00e1n en noviembre del 2018, en ocasi\u00f3n de la celebraci\u00f3n de los Campeonatos Mundiales, donde Santana gan\u00f3 medalla de plata y bronce.<\/span><\/p>\n<p class=\"m_1478595872519156386gmail-m-4885284155848055649ydp2a157534msonormal\"><span lang=\"ES-DO\">Dijo que se trata, en total, de cinco eventos puntuables para los Juegos Ol\u00edmpicos. Indic\u00f3 que los restantes ser\u00e1n el Campeonato Panamericano de Guatemala (21 al 28 de abril), el Grand Prix de Lima (del 11 al 12 de mayo) y el torneo de los Juegos Panamericanos de Lima (Per\u00fa-19 julio al 6 de agosto).<\/span><\/p>\n<p class=\"m_1478595872519156386gmail-m-4885284155848055649ydp2a157534msonormal\"><span lang=\"ES-DO\">\u00a0\u201cNuestros atletas viajaron a China con la \u00fanica misi\u00f3n de seguir sumando puntos porque cada uno est\u00e1 enfocado en conseguir el boleto a los Juegos Ol\u00edmpicos, ya que en el nuevo formato la clasificaci\u00f3n es del atleta, no de la federaci\u00f3n como era hasta hace poco\u201d, dijo.<\/span><\/p>\n<p class=\"m_1478595872519156386gmail-m-4885284155848055649ydp2a157534msonormal\"><span lang=\"ES-DO\">Explic\u00f3 que adem\u00e1s de Pir\u00f3n, Salad\u00edn, Santana y Garc\u00eda, otros dos pesistas que no har\u00e1n hicieron el viaje, tambi\u00e9n buscan el pasaje a Tokio. Se trata de la multimedallista Yudelkis Contreras y del talentoso Zacar\u00edas Bonnat.<\/span><\/p>\n<p class=\"m_1478595872519156386gmail-m-4885284155848055649ydp2a157534msonormal\"><span lang=\"ES-DO\">\u201cEn total son seis los atletas que participan en las eliminatorias puntuables y dos de ellos, Santana y Pir\u00f3n, est\u00e1n dentro del pool de \u00a0clasificaci\u00f3n en estos momentos porque ahora mismo son la n\u00famero 3 y la 4 del ranking mundial, respectivamente, en sus categor\u00edas\u201d.<\/span><\/p>\n<p class=\"m_1478595872519156386gmail-m-4885284155848055649ydp2a157534msonormal\"><b><span lang=\"ES-DO\">Las categor\u00edas<\/span><\/b><\/p>\n<p class=\"m_1478595872519156386gmail-m-4885284155848055649ydp2a157534msonormal\"><span lang=\"ES-DO\">En el nuevo reordenamientos de las categor\u00edas hecho por la Federaci\u00f3n Internacional de Halterofilia (IWF), Pir\u00f3n ahora compite en 49 kilogramos (lo hac\u00eda en 48), Santana en 87 (primero era en 75 y despu\u00e9s en 90), Salad\u00edn sale a la plataforma en +87 (era +75 y hasta hace poco +90) y Luis Garc\u00eda en 61 (previamente 56).<\/span><\/p>\n<p class=\"m_1478595872519156386gmail-m-4885284155848055649ydp2a157534msonormal\"><span lang=\"ES-DO\">Por su lado, Contreras ahora es de los 59 kilogramos (era 53) y Bonnat 81 (los antiguos 85 kgs).<\/span><\/p>\n<p class=\"m_1478595872519156386gmail-m-4885284155848055649ydp2a157534msonormal\"><b><span lang=\"ES-DO\">Clasificaci\u00f3n es m\u00e1s compleja<\/span><\/b><b><\/b><\/p>\n<p class=\"m_1478595872519156386gmail-m-4885284155848055649ydp2a157534msonormal\"><span lang=\"ES-DO\">Ahora, con los nuevos formatos de competencia, la clasificaci\u00f3n a los grandes eventos como Juegos Ol\u00edmpicos se torna extremadamente compleja, sobre todo para los pa\u00edses chicos.<\/span><\/p>\n<p class=\"m_1478595872519156386gmail-m-4885284155848055649ydp2a157534msonormal\"><span lang=\"ES-DO\">Y es que comenzando con Tokio 2020, s\u00f3lo 98 pesistas en cada rama asistir\u00e1n a las Olimp\u00edadas, debido a que se redujo una divisi\u00f3n en masculino y ahora solo son siete, como en mujeres.<\/span><\/p>\n<p class=\"m_1478595872519156386gmail-m-4885284155848055649ydp2a157534msonormal\"><span lang=\"ES-DO\">Con las transformaciones, impuesta por el Comit\u00e9 Ol\u00edmpico Internacional (COI) a la Federaci\u00f3n Internacional, como castigo por los recurrentes casos de dopajes en este deporte y por la falta de control de la IWF, a las Olimp\u00edadas clasificar\u00e1n los mejores ocho del mundo por categor\u00edas, adem\u00e1s de un atleta por cada uno de los cinco continentes, m\u00e1s otro por la v\u00eda del wild card (comod\u00edn en espa\u00f1ol), para llegar 14 por divisi\u00f3n, que sumados por siete categor\u00edas, totalizan los 98 en cada rama. \u00a0\u00a0\u00a0\u00a0<\/span><\/p>\n<p class=\"m_1478595872519156386gmail-m-4885284155848055649ydp2a157534msonormal\"><span lang=\"ES-DO\">\u201cEso indica que si uno de nuestros atletas no queda entre los mejores ocho del mundo en su categor\u00eda, en la sumatoria de puntos de todos los eventos puntuables de clasificaci\u00f3n, entonces tendr\u00e1 que ser el mejor de su continente para tener el chance de competir en los Juegos Ol\u00edmpicos\u201d, explic\u00f3 William Ozuna.<\/span><\/p>\n<p class=\"m_1478595872519156386gmail-m-4885284155848055649ydp2a157534msonormal\"><span lang=\"ES-DO\">El dirigente federado es de opini\u00f3n que los pa\u00edses peque\u00f1os y sobre todo los de Am\u00e9rica, ser\u00e1n los m\u00e1s perjudicados con el nuevo sistema de clasificaci\u00f3n.<\/span><\/p>\n","protected":false},"excerpt":{"rendered":"<p>SANTO DOMINGO.\u00a0Cuatro atletas de levantamiento de pesas continuar\u00e1n desde este viernes la persecuci\u00f3n de sus sue\u00f1os ol\u00edmpicos cuando compitan en la Copa del Mundo de Fuzhou, China. Crismery Santana y Beatriz Pir\u00f3n intentar\u00e1n seguir dentro de la clasificaci\u00f3n hacia los Juegos Ol\u00edmpicos de Tokio 2020, mientras que Luis Garc\u00eda Ver\u00f3nica Salad\u00edn encaran el reto de [&hellip;]<\/p>\n","protected":false},"author":9,"featured_media":49033,"comment_status":"closed","ping_status":"closed","sticky":false,"template":"","format":"standard","meta":[],"categories":[3,2,60],"tags":[],"acf":[],"_links":{"self":[{"href":"https:\/\/colimdo.org\/wp-api\/wp\/v2\/posts\/49032"}],"collection":[{"href":"https:\/\/colimdo.org\/wp-api\/wp\/v2\/posts"}],"about":[{"href":"https:\/\/colimdo.org\/wp-api\/wp\/v2\/types\/post"}],"author":[{"embeddable":true,"href":"https:\/\/colimdo.org\/wp-api\/wp\/v2\/users\/9"}],"replies":[{"embeddable":true,"href":"https:\/\/colimdo.org\/wp-api\/wp\/v2\/comments?post=49032"}],"version-history":[{"count":1,"href":"https:\/\/colimdo.org\/wp-api\/wp\/v2\/posts\/49032\/revisions"}],"predecessor-version":[{"id":49034,"href":"https:\/\/colimdo.org\/wp-api\/wp\/v2\/posts\/49032\/revisions\/49034"}],"wp:featuredmedia":[{"embeddable":true,"href":"https:\/\/colimdo.org\/wp-api\/wp\/v2\/media\/49033"}],"wp:attachment":[{"href":"https:\/\/colimdo.org\/wp-api\/wp\/v2\/media?parent=49032"}],"wp:term":[{"taxonomy":"category","embeddable":true,"href":"https:\/\/colimdo.org\/wp-api\/wp\/v2\/categories?post=49032"},{"taxonomy":"post_tag","embeddable":true,"href":"https:\/\/colimdo.org\/wp-api\/wp\/v2\/tags?post=49032"}],"curies":[{"name":"wp","href":"https:\/\/api.w.org\/{rel}","templated":true}]}}