{"id":49037,"date":"2019-02-21T18:19:18","date_gmt":"2019-02-21T18:19:18","guid":{"rendered":"https:\/\/colimdo.org\/?p=49037"},"modified":"2019-02-21T18:19:18","modified_gmt":"2019-02-21T18:19:18","slug":"rafael-villalona-presenta-memorias-gestion-2015-2018-al-frente-fedogolf","status":"publish","type":"post","link":"https:\/\/colimdo.org\/noticias\/rafael-villalona-presenta-memorias-gestion-2015-2018-al-frente-fedogolf\/","title":{"rendered":"Rafael\u00a0Villalona\u00a0presenta Memorias de su gesti\u00f3n 2015-2018 al frente de Fedogolf"},"content":{"rendered":"<p class=\"x_MsoNormal\"><strong>SANTO DOMINGO<\/strong>. &#8211; En una presentaci\u00f3n de rendici\u00f3n de cuentas de la gesti\u00f3n t\u00e9cnica, financiera y administrativa del presidente de la Federaci\u00f3n Dominicana de Golf (Fedogolf) en el periodo 2015-2018, Rafael Villalona, realizada en los salones del hotel Intercontinental, asistieron junto a los presidentes de las 9 asociaciones, el directorio ejecutivo, la prensa nacional e invitados especiales.<\/p>\n<p class=\"x_MsoNormal\">Adem\u00e1s de Lu\u00eds Mej\u00eda Oviedo, Gilberto Garc\u00eda, Antonio Acosta, Carlos Elmudesi, Elpidio Cumba, Jos\u00e9 Luis Ram\u00edrez y Nelson Ram\u00edrez.<\/p>\n<p class=\"x_MsoNormal\">\nEn la misma, Villalona\u00a0hizo una amplia exposici\u00f3n de los logros alcanzados en su periodo mediante la implementaci\u00f3n de un nuevo organigrama funcional, estrategias y manuales de procedimientos administrativos creados para alcanzar las metas propuestas.<\/p>\n<p class=\"x_MsoNormal\">\nAdem\u00e1s, present\u00f3 el informe de los auditores independientes en los cuales se expresa la solidez financiera con la que entrega la instituci\u00f3n, con un \u00edndice de solvencia de 8.67, una liquidez inmediata de 5.43, con un capital de trabajo de RD$9,500,837, lo que indica que la Fedogolf despu\u00e9s de cubrir su pasivo de corto plazo, cuenta con esos recursos para ser utilizados como capital de trabajo en todas sus actividades deportivas.<\/p>\n<p class=\"x_MsoNormal\">\nEntre los 42 logros de dicha gesti\u00f3n se pueden mencionar: el primer torneo \u00ednter escolar e \u00ednter universitario. Rescate del tour de las Categor\u00edas Generales. Realizaci\u00f3n de los tours Juveniles y de alto rendimiento, unido al Canita.<\/p>\n<p class=\"x_MsoNormal\">\nParticipaci\u00f3n en los Campeonatos Juveniles y Amateurs del Caribe \u201cdonde fuimos campeones de la Hoerman Cup en tres de los cuatro a\u00f1os\u201d, destac\u00f3 Villalona.<\/p>\n<p class=\"x_MsoNormal\">\nParticipaci\u00f3n en los mundiales de Mayakoba, M\u00e9xico y Dublin, Irlanda. Celebraci\u00f3n en el pa\u00eds de la AGJA, PGA Latinoam\u00e9rica y Latin American Amateur Championship y DR Open Amateur, entre otros.<\/p>\n<p class=\"x_MsoNormal\">\nRealizaci\u00f3n de 4 torneos Interasociaciones. Celebraciones de dos eventos del\u00a0Web.com\u00a0tour y un PGA Championship, gracias a Don Frank Rainieri y el grupo Puntacana.<\/p>\n<p class=\"x_MsoNormal\">\nEstablecer nueve jugadores en el World Amateur Golf Ranking (WAGR) amateur golf ranking, entre ellos tres damas.<\/p>\n<p class=\"x_MsoNormal\">\nDestacada participaci\u00f3n de los jugadores en eventos internacionales, Bolivarianos, Centroamericanos, universitarios, invitacionales, etc.<\/p>\n<p class=\"x_MsoNormal\">\nCapacitaci\u00f3n del Comit\u00e9 Juvenil y personal administrativo con el apoyo de Coinsa y Solidaridad Ol\u00edmpica.<\/p>\n<p class=\"x_MsoNormal\">\nParticipaci\u00f3n en el Clasificatorio del US Open Amateur, Dorado East, Puerto Rico (2017), donde Juan Jos\u00e9 Guerra obtuvo el primer Lugar y ser el \u00fanico clasificado, adem\u00e1s rompi\u00f3 el record de menos golpes realizados en dos campos de Golf de la Florida, en los torneos universitarios de la NCAA.<\/p>\n<p class=\"x_MsoNormal\">\nDestac\u00f3 la celebraci\u00f3n del 50 aniversario de la instituci\u00f3n reconociendo a los 11 pasados presidentes y seis propulsores del golf en la Rep\u00fablica Dominicana.<\/p>\n<p class=\"x_MsoNormal\">\nFortalecimiento relaciones con los patrocinadores e instituciones gubernamentales.<\/p>\n<p class=\"x_MsoNormal\">Realizaci\u00f3n entre (40-48) actividades deportivas cada a\u00f1o.<\/p>\n<p class=\"x_MsoNormal\">\nAumento significativo de la Membres\u00eda desde el 2015 a la fecha.<\/p>\n<p class=\"x_MsoNormal\">\u00a0Elm\u00fadesi valora<\/p>\n<p class=\"x_MsoNormal\">El presidente actual de la Fedogolf, Carlos Elm\u00fadesi, valor\u00f3 la gesti\u00f3n de los cuatro a\u00f1os de Villalona.<\/p>\n<p class=\"x_MsoNormal\">\u201cValoramos la gesti\u00f3n t\u00e9cnica financiera y administrativa del Directorio Ejecutivo del periodo de gobierno 2015-2018, que encabez\u00f3 el compa\u00f1ero Villalona, donde en la primera asamblea general de nuestra instituci\u00f3n del 2019, present\u00f3 sus memorias\u201d, dijo Elm\u00fadesi.<\/p>\n<p class=\"x_MsoNormal\">\u201cEstamos seguros de lo que hemos recibido por parte de la pasada directiva ser\u00e1 muy f\u00e1cil continuar los caminos de la Fedogolf\u201d, agreg\u00f3 el presidente actual.<\/p>\n","protected":false},"excerpt":{"rendered":"<p>Al acto asistieron el presidente y secretario del COD, Luis\u00edn Mej\u00eda y Gilberto Garc\u00eda.<\/p>\n","protected":false},"author":16,"featured_media":49038,"comment_status":"closed","ping_status":"closed","sticky":false,"template":"","format":"standard","meta":[],"categories":[2,60],"tags":[],"acf":[],"_links":{"self":[{"href":"https:\/\/colimdo.org\/wp-api\/wp\/v2\/posts\/49037"}],"collection":[{"href":"https:\/\/colimdo.org\/wp-api\/wp\/v2\/posts"}],"about":[{"href":"https:\/\/colimdo.org\/wp-api\/wp\/v2\/types\/post"}],"author":[{"embeddable":true,"href":"https:\/\/colimdo.org\/wp-api\/wp\/v2\/users\/16"}],"replies":[{"embeddable":true,"href":"https:\/\/colimdo.org\/wp-api\/wp\/v2\/comments?post=49037"}],"version-history":[{"count":1,"href":"https:\/\/colimdo.org\/wp-api\/wp\/v2\/posts\/49037\/revisions"}],"predecessor-version":[{"id":49039,"href":"https:\/\/colimdo.org\/wp-api\/wp\/v2\/posts\/49037\/revisions\/49039"}],"wp:featuredmedia":[{"embeddable":true,"href":"https:\/\/colimdo.org\/wp-api\/wp\/v2\/media\/49038"}],"wp:attachment":[{"href":"https:\/\/colimdo.org\/wp-api\/wp\/v2\/media?parent=49037"}],"wp:term":[{"taxonomy":"category","embeddable":true,"href":"https:\/\/colimdo.org\/wp-api\/wp\/v2\/categories?post=49037"},{"taxonomy":"post_tag","embeddable":true,"href":"https:\/\/colimdo.org\/wp-api\/wp\/v2\/tags?post=49037"}],"curies":[{"name":"wp","href":"https:\/\/api.w.org\/{rel}","templated":true}]}}