{"id":49040,"date":"2019-02-21T18:25:35","date_gmt":"2019-02-21T18:25:35","guid":{"rendered":"https:\/\/colimdo.org\/?p=49040"},"modified":"2019-02-21T18:42:33","modified_gmt":"2019-02-21T18:42:33","slug":"deury-corniel-queria-alguien-la-vida","status":"publish","type":"post","link":"https:\/\/colimdo.org\/noticias\/deury-corniel-queria-alguien-la-vida\/","title":{"rendered":"Deury Corniel: \u201cYo quer\u00eda ser alguien en la vida\u201d"},"content":{"rendered":"<p><strong>SANTO DOMINGO. Hanly Ram\u00edrez.<\/strong> El velerista Deury Corniel, quien en la noche del mi\u00e9rcoles recibi\u00f3 el premio de Atleta del A\u00f1o en la \u201cGran Gala Ol\u00edmpica 2019\u201d del\u00a0 Comit\u00e9 Ol\u00edmpico Dominicano, vio en este reconocimiento el reflejo del sue\u00f1o que persigue desde la ni\u00f1ez, \u201cser alguien en la vida\u201d.<\/p>\n<p>Corniel tuvo un a\u00f1o 2018 lleno de logros, entre ellos el tercer lugar en los campeonatos en Turqu\u00eda, Marruecos y Brasil, que le vali\u00f3 para quedar como subcampe\u00f3n de la categor\u00eda \u00e9lite en la modalidad Kiteboard IKA Twin tip Racing, misma en la que se coron\u00f3 campe\u00f3n en los Juegos Ol\u00edmpicos de la Juventud celebrados en Argentina.<\/p>\n<p>Este resultado no fue por pura casualidad o por obra del destino, sino el fruto de un arduo trabajo, \u201cpara m\u00ed el 2018 fue un a\u00f1o muy dif\u00edcil, pero empec\u00e9 a entrenarme desde las cinco de la ma\u00f1ana. Yo quer\u00eda ser alguien en la vida y entonces fui tras esta medalla de oro\u201d, explic\u00f3 el medallista ol\u00edmpico juvenil al hablar con la prensa luego de recibir su premio como Atleta del A\u00f1o.<\/p>\n<p>\u201cMe esforc\u00e9 en entrenar m\u00e1s todos los d\u00edas y sin parar\u201d, continu\u00f3 Corniel, quien record\u00f3 las precariedades con las que ha tenido que luchar para alcanzar el \u00e9xito que hoy le acompa\u00f1a, \u201cviv\u00eda en la monta\u00f1a, yo crec\u00ed con las vacas, orde\u00f1aba, me com\u00eda el afrecho de la vaca cuando ten\u00eda hambre. Hacia muchas cosas con la ayuda de mi pap\u00e1, pero desde peque\u00f1o supe lo que quer\u00eda hacer de grande\u201d.<\/p>\n<p>Corniel, quien lleg\u00f3 desde Italia la noche del pasado martes, revel\u00f3 que no se espera ganar esta distinci\u00f3n, la cual le constituye en premio met\u00e1lico de un mill\u00f3n de pesos, los cuales seg\u00fan declar\u00f3 invertir\u00e1 en la construcci\u00f3n de una casa.<\/p>\n<p>El campe\u00f3n ol\u00edmpico, quien dedic\u00f3 este premio al pueblo dominicano, tiene previsto regresar a Italia donde recoger\u00e1 su nuevo equipo, el cual utilizar\u00e1 en su preparaci\u00f3n para su primera competencia del a\u00f1o, programa para el mes de abril en Francia.<\/p>\n","protected":false},"excerpt":{"rendered":"<p>El velerista dominicano fue escogido como el Atleta del A\u00f1o en la Gala Ol\u00edmpica que premi\u00f3 a los mejores atletas dominicanos en el 2018.<\/p>\n","protected":false},"author":16,"featured_media":49041,"comment_status":"closed","ping_status":"closed","sticky":false,"template":"","format":"standard","meta":[],"categories":[2,60],"tags":[],"acf":[],"_links":{"self":[{"href":"https:\/\/colimdo.org\/wp-api\/wp\/v2\/posts\/49040"}],"collection":[{"href":"https:\/\/colimdo.org\/wp-api\/wp\/v2\/posts"}],"about":[{"href":"https:\/\/colimdo.org\/wp-api\/wp\/v2\/types\/post"}],"author":[{"embeddable":true,"href":"https:\/\/colimdo.org\/wp-api\/wp\/v2\/users\/16"}],"replies":[{"embeddable":true,"href":"https:\/\/colimdo.org\/wp-api\/wp\/v2\/comments?post=49040"}],"version-history":[{"count":2,"href":"https:\/\/colimdo.org\/wp-api\/wp\/v2\/posts\/49040\/revisions"}],"predecessor-version":[{"id":49045,"href":"https:\/\/colimdo.org\/wp-api\/wp\/v2\/posts\/49040\/revisions\/49045"}],"wp:featuredmedia":[{"embeddable":true,"href":"https:\/\/colimdo.org\/wp-api\/wp\/v2\/media\/49041"}],"wp:attachment":[{"href":"https:\/\/colimdo.org\/wp-api\/wp\/v2\/media?parent=49040"}],"wp:term":[{"taxonomy":"category","embeddable":true,"href":"https:\/\/colimdo.org\/wp-api\/wp\/v2\/categories?post=49040"},{"taxonomy":"post_tag","embeddable":true,"href":"https:\/\/colimdo.org\/wp-api\/wp\/v2\/tags?post=49040"}],"curies":[{"name":"wp","href":"https:\/\/api.w.org\/{rel}","templated":true}]}}