{"id":49059,"date":"2019-02-22T01:54:42","date_gmt":"2019-02-22T01:54:42","guid":{"rendered":"https:\/\/colimdo.org\/?p=49059"},"modified":"2019-02-22T01:54:42","modified_gmt":"2019-02-22T01:54:42","slug":"atletas-rd-participaran-juegos-mundiales-olimpiadas-especiales","status":"publish","type":"post","link":"https:\/\/colimdo.org\/noticias\/atletas-rd-participaran-juegos-mundiales-olimpiadas-especiales\/","title":{"rendered":"Atletas de RD participar\u00e1n en Juegos Mundiales de Olimpiadas Especiales"},"content":{"rendered":"<p class=\"x_MsoNormal\"><span lang=\"ES-TRAD\">SANTO DOMINGO. Atletas de Olimpiadas Especiales Rep\u00fablica\u00a0 Dominicana representar\u00e1n al pa\u00eds en los Juegos Mundiales de Verano, a celebrarse del 14 al 21 de marzo 2019 en Abu Dhabi, la capital de los Emiratos \u00c1rabes Unidos, escenario global en donde m\u00e1s de 170 pa\u00edses y 7500 atletas competir\u00e1n en diversas disciplinas.<\/span><\/p>\n<p class=\"x_MsoNormal\"><span lang=\"ES-TRAD\">La delegaci\u00f3n dominicana est\u00e1 encabezada por Elba Nicasio, Jefa de la delegaci\u00f3n y integrada por<\/span><span lang=\"ES-TRAD\">\u00a021 atletas con discapacidad, 4 compa\u00f1eros unificados, 8 entrenadores, Subjefe y Personal m\u00e9dico.<\/span><\/p>\n<p class=\"x_MsoNormal\"><span lang=\"ES-TRAD\">Nuestros atletas han estado entrenado fuertemente para competir\u00a0 por el oro en las disciplinas de Atletismo, Boliche, Aguas Abiertas, Gimnasia R\u00edtmica, Nataci\u00f3n, Tenis ,Triatl\u00f3n y Voleibol de Playa.<\/span><\/p>\n<p class=\"x_MsoNormal\"><span lang=\"ES-TRAD\">La delegaci\u00f3n incluye a medallistas de los Juegos mundiales en el 2015 como Alejandro Batlle Logro\u00f1o en Triatl\u00f3n, Juan Cortorreal y Reina Astrid Curiel en Aguas Abiertas, Daniela Fortuna en Nataci\u00f3n y Anthony Hidalgo medallista de boliche en los III juegos Latinoamericanos, Panam\u00e1 2017.<\/span><\/p>\n<p class=\"x_MsoNormal\"><span lang=\"ES-TRAD\">En los Juegos Mundiales anteriores en el 2015 en Los \u00c1ngeles, California, Republica Dominicana obtuvo tres medallas de Oro, tres de Plata y tres de bronce, en las disciplinas de Aguas abiertas, Atletismo, Nataci\u00f3n, Softball y Triatl\u00f3n.<\/span><\/p>\n<p class=\"x_MsoNormal\"><span lang=\"ES-TRAD\">La participaci\u00f3n de nuestros atletas, en este magno evento representa un alto compromiso deportivo como pa\u00eds y ha sido posible gracias al esfuerzo de la Junta Directiva de Olimpiadas Especiales, el importante apoyo del Ministerio de Deportes y del Despacho de la Primera Dama de la Rep. Dominicana.<\/span><\/p>\n<p class=\"x_MsoNormal\"><span lang=\"ES-TRAD\">Estos ser\u00e1n los primeros Juegos Mundiales de Olimpiadas Especiales que se lleven a cabo en la regi\u00f3n del Oriente Medio\/Norte del \u00c1frica y no podemos pensar de una forma menos revolucionaria para que nuestro movimiento y nuestros atletas se posicionen como l\u00edderes de la inclusi\u00f3n.<\/span><\/p>\n<p class=\"x_MsoNormal\"><span lang=\"ES-TRAD\">\u00a0<\/span><b><span lang=\"ES-TRAD\">Acerca de Olimpiadas Especiales<\/span><\/b><\/p>\n<p class=\"x_MsoNormal\"><span lang=\"ES-TRAD\">Olimpiadas Especiales es un movimiento global que libera al esp\u00edritu humano a trav\u00e9s del poder transformador y la alegr\u00eda de los deportes, todos los d\u00edas en todo el mundo. Fundado en 1968 por Eunice Kennedy Shriver, el movimiento Olimpiadas Especiales ha crecido a m\u00e1s de 4.5 millones de atletas en 170 pa\u00edses. Con el apoyo de m\u00e1s de 1,3 millones de entrenadores y voluntarios, Olimpiadas Especiales ofrece 32 deportes de tipo ol\u00edmpico y m\u00e1s de 81.000 juegos y competencias durante todo el a\u00f1o. Olimpiadas Especiales es apoyada por individuos, fundaciones y socios. Provee a personas con discapacidad intelectual continuas oportunidades de alcanzar su potencial, mejorar su condici\u00f3n f\u00edsica, demostrar coraje y experimentar alegr\u00eda.<\/span><\/p>\n<p class=\"x_MsoNormal\"><b><span lang=\"ES-TRAD\">Visita la p\u00e1gina oficial de Olimpiadas Especiales para la regi\u00f3n de Am\u00e9rica Latina:<\/span><\/b><span lang=\"ES-TRAD\">\u00a0www.olimpiadasespeciales.org<\/span><\/p>\n<p class=\"x_MsoNormal\"><span lang=\"ES-TRAD\">En Rep\u00fablica Dominicana, Olimpiadas especiales lleva 30 a\u00f1os promoviendo la inclusi\u00f3n de personas con discapacidad intelectual por medio del deporte y como cada 4 a\u00f1os acudir\u00e1 a representar nuestro pa\u00eds en esta enorme fiesta mundial del deporte. Somos un l\u00edder en programas que mejoran la salud y condici\u00f3n f\u00edsica de nuestros atletas, d\u00e1ndoles como resultado mayor bienestar, mejor desempe\u00f1o deportivo y calidad de vida.<\/span><\/p>\n","protected":false},"excerpt":{"rendered":"<p>los Juegos Mundiales de Olimpiadas Especiales ser\u00e1n realizados del 14 al 21 de marzo 2019 en Abu Dhabi.<\/p>\n","protected":false},"author":16,"featured_media":49060,"comment_status":"closed","ping_status":"closed","sticky":false,"template":"","format":"standard","meta":[],"categories":[2,60],"tags":[],"acf":[],"_links":{"self":[{"href":"https:\/\/colimdo.org\/wp-api\/wp\/v2\/posts\/49059"}],"collection":[{"href":"https:\/\/colimdo.org\/wp-api\/wp\/v2\/posts"}],"about":[{"href":"https:\/\/colimdo.org\/wp-api\/wp\/v2\/types\/post"}],"author":[{"embeddable":true,"href":"https:\/\/colimdo.org\/wp-api\/wp\/v2\/users\/16"}],"replies":[{"embeddable":true,"href":"https:\/\/colimdo.org\/wp-api\/wp\/v2\/comments?post=49059"}],"version-history":[{"count":1,"href":"https:\/\/colimdo.org\/wp-api\/wp\/v2\/posts\/49059\/revisions"}],"predecessor-version":[{"id":49061,"href":"https:\/\/colimdo.org\/wp-api\/wp\/v2\/posts\/49059\/revisions\/49061"}],"wp:featuredmedia":[{"embeddable":true,"href":"https:\/\/colimdo.org\/wp-api\/wp\/v2\/media\/49060"}],"wp:attachment":[{"href":"https:\/\/colimdo.org\/wp-api\/wp\/v2\/media?parent=49059"}],"wp:term":[{"taxonomy":"category","embeddable":true,"href":"https:\/\/colimdo.org\/wp-api\/wp\/v2\/categories?post=49059"},{"taxonomy":"post_tag","embeddable":true,"href":"https:\/\/colimdo.org\/wp-api\/wp\/v2\/tags?post=49059"}],"curies":[{"name":"wp","href":"https:\/\/api.w.org\/{rel}","templated":true}]}}