{"id":49062,"date":"2019-02-22T02:02:05","date_gmt":"2019-02-22T02:02:05","guid":{"rendered":"https:\/\/colimdo.org\/?p=49062"},"modified":"2019-02-22T02:02:05","modified_gmt":"2019-02-22T02:02:05","slug":"compartirian-cuadro-manny-machado-fernando-tatis-jr","status":"publish","type":"post","link":"https:\/\/colimdo.org\/noticias\/compartirian-cuadro-manny-machado-fernando-tatis-jr\/","title":{"rendered":"\u00bfC\u00f3mo compartir\u00edan el cuadro Manny Machado y Fernando Tatis Jr.?"},"content":{"rendered":"<p>PEORIA, Arizona (MLB). &#8212; Desde el momento en que el dominicano Fernando Tatis Jr. comenz\u00f3 su ascenso como uno de los destacados prospectos de los Padres, tambi\u00e9n surgieron las comparaciones. Como un joven y talentoso infielder, Tatis supuestamente era la versi\u00f3n joven de Manny Machado. Las capacidades atl\u00e9ticas, el swing, la estatura, el brazo &#8212; todos eran similares.<\/p>\n<p>&#8220;Recuerdo cuando habl\u00e9 con los muchachos sobre Tatis el a\u00f1o pasado, diciendo lo tanto que vi de Manny en \u00e9l&#8221;, declar\u00f3 el inicialista de los Padres, Eric Hosmer, quien jug\u00f3 contra Machado por varios a\u00f1os en la Liga Americana y luego junto a Tatis en la Liga del Cactus.<\/p>\n<p>Ahora, no ser\u00eda dif\u00edcil comparar a ambos. Al final, Tatis y Machado compartir\u00edan el lado izquierdo del cuadro interior de los Frailes.<\/p>\n<p>El martes, el club de San Diego lleg\u00f3 a un acuerdo r\u00e9cord de 10 a\u00f1os con Machado, aunque el equipo no ha confirmado el pacto, que se concretar\u00eda luego de una prueba f\u00edsica. El movimiento caus\u00f3 gran entusiasmo por todo el clubhouse de San Diego.<\/p>\n<p>&#8220;Ha sido mi jugador favorito los \u00faltimos cinco a\u00f1os&#8221;, reconoci\u00f3 Tatis. &#8220;Ahora estamos aqu\u00ed juntos&#8221;.<\/p>\n<p>Machado y Tatis, quienes tienen el mismo representante, se reunieron el a\u00f1o pasado durante las festividades del Juego de Estrellas. Tatis participaba en el Juego de las Futuras Estrellas. Machado vest\u00eda el uniforme de los Orioles por \u00faltima vez. Ambos platicaron por un momento e intercambiaron n\u00fameros telef\u00f3nicos.<\/p>\n<p>En septiembre, Tatis estaba en Arizona para rehabilitarse de una fractura en un pulgar y los Dodgers estaban visitando a los D-backs. Machado le dej\u00f3 boletos para el encuentro a Tatis, quien luego public\u00f3 en Instagram una foto de Machado desde el partido con el pie de foto, &#8220;Aqu\u00ed el Ministro de Defensa&#8221;.<\/p>\n<p>Tatis, el prospecto n\u00famero 2 en todo el b\u00e9isbol y probablemente el torpedero del futuro de los Padres, dijo que se enter\u00f3 de la noticia del acuerdo entre los Padres y Machado viendo MLB Network. Inmediatamente comenz\u00f3 a pensar en todas las posibilidades.<\/p>\n<p>&#8220;Puedo aprender tanto de \u00e9l&#8221;, manifest\u00f3 Tatis. &#8220;Me ense\u00f1ar\u00e1 bastante. Ser\u00e1 especial jugar a su lado&#8221;.<\/p>\n<p>Eso probablemente no ocurra en el D\u00eda Inaugural. Tatis todav\u00eda no ha jugado una campa\u00f1a completa en Doble-A y no se proyecta para estar con el equipo grande saliendo de los entrenamientos. El tiempo de servicio podr\u00eda ser un factor, como tambi\u00e9n ser\u00e1 el desarrollo de su talento.<\/p>\n<p>&#8220;Le favorecer\u00e1 jugar un poco m\u00e1s de tiempo en Ligas Menores antes de que llegue su momento&#8221;, explic\u00f3 el piloto de los Frailes, Andy Green. &#8220;Pero le hemos dejado en claro que cuando nos demuestre que ha llegado su hora, ser\u00e1 nuestro campocorto&#8221;.<\/p>\n<p>La \u00faltima parte de la declaraci\u00f3n de Green es clave. Como organizaci\u00f3n, San Diego no ha formulado comentario alguno sobre la contrataci\u00f3n de Machado, as\u00ed que no est\u00e1n tratando el tema de las ramificaciones de su llegada. Ahora surge la interrogante sobre cu\u00e1les posiciones defender\u00e1n Machado y Tatis.<\/p>\n<p>Machado jug\u00f3 seis temporadas como el antesalista de Baltimore, antes de pasar a las paradas cortas el a\u00f1o pasado. No dud\u00f3 en expresar su deseo de ser visto como un campocorto en el mercado libre. Est\u00e1 claro que Tatis har\u00eda una f\u00e1cil transici\u00f3n a la tercera base (como lo hizo Machado al comienzo de su carrera). Pero los Padres se han mantenido firmes en su plan de que Tatis sea su torpedero a largo plazo.<\/p>\n<p>El gerente general A.J. Preller aclar\u00f3 la situaci\u00f3n.<\/p>\n<p>&#8220;Con Tatis, ha sido maravilloso ver el proceso desde que lleg\u00f3 a la organizaci\u00f3n hasta verlo continuar creciendo en el campo corto&#8221;, dijo el directivo. &#8220;Creemos que tendr\u00e1 un gran impacto con su defensa. Desde nuestro punto de vista, Tatis es un torpedero. Ser\u00e1 nuestro torpedero. Esa es nuestra opini\u00f3n&#8221;.<\/p>\n<p>Bueno, parece que no queda duda de qu\u00e9 posici\u00f3n jugar\u00e1 Tatis.<\/p>\n<p>Sin embargo, los Padres no han dicho nada sobre la llegada de Machado. Es poco probable, pero es posible, que los planes del equipo puedan cambiar en los pr\u00f3ximos d\u00edas.<\/p>\n<p>Al final, hay espacio para Machado y Tatis en el lado izquierdo del cuadro interior &#8212; y aparentemente, en la parte gruesa de la alineaci\u00f3n de los Frailes.<\/p>\n<p>&#8220;Ser\u00e1 especial&#8221;, agreg\u00f3 Tatis. &#8220;Contar con un muchacho de esa categor\u00eda cambia muchas cosas&#8221;.<\/p>\n","protected":false},"excerpt":{"rendered":"<p>Machado y Tatis son dos piezas claves en el presente y futuro de los Padres de San Diego.<\/p>\n","protected":false},"author":16,"featured_media":49063,"comment_status":"closed","ping_status":"closed","sticky":false,"template":"","format":"standard","meta":[],"categories":[2,60],"tags":[],"acf":[],"_links":{"self":[{"href":"https:\/\/colimdo.org\/wp-api\/wp\/v2\/posts\/49062"}],"collection":[{"href":"https:\/\/colimdo.org\/wp-api\/wp\/v2\/posts"}],"about":[{"href":"https:\/\/colimdo.org\/wp-api\/wp\/v2\/types\/post"}],"author":[{"embeddable":true,"href":"https:\/\/colimdo.org\/wp-api\/wp\/v2\/users\/16"}],"replies":[{"embeddable":true,"href":"https:\/\/colimdo.org\/wp-api\/wp\/v2\/comments?post=49062"}],"version-history":[{"count":1,"href":"https:\/\/colimdo.org\/wp-api\/wp\/v2\/posts\/49062\/revisions"}],"predecessor-version":[{"id":49064,"href":"https:\/\/colimdo.org\/wp-api\/wp\/v2\/posts\/49062\/revisions\/49064"}],"wp:featuredmedia":[{"embeddable":true,"href":"https:\/\/colimdo.org\/wp-api\/wp\/v2\/media\/49063"}],"wp:attachment":[{"href":"https:\/\/colimdo.org\/wp-api\/wp\/v2\/media?parent=49062"}],"wp:term":[{"taxonomy":"category","embeddable":true,"href":"https:\/\/colimdo.org\/wp-api\/wp\/v2\/categories?post=49062"},{"taxonomy":"post_tag","embeddable":true,"href":"https:\/\/colimdo.org\/wp-api\/wp\/v2\/tags?post=49062"}],"curies":[{"name":"wp","href":"https:\/\/api.w.org\/{rel}","templated":true}]}}