{"id":49065,"date":"2019-02-22T02:06:48","date_gmt":"2019-02-22T02:06:48","guid":{"rendered":"https:\/\/colimdo.org\/?p=49065"},"modified":"2019-02-22T02:07:15","modified_gmt":"2019-02-22T02:07:15","slug":"unos-27-equipos-se-disputaran-los-primeros-puestos-vuelta-ciclista-independencia-nacional","status":"publish","type":"post","link":"https:\/\/colimdo.org\/noticias\/unos-27-equipos-se-disputaran-los-primeros-puestos-vuelta-ciclista-independencia-nacional\/","title":{"rendered":"Unos 27 equipos se disputar\u00e1n los primeros puestos en Vuelta\u00a0Ciclista Independencia"},"content":{"rendered":"<p><span lang=\"ES-DO\">Santo Domingo.\u00a0<\/span><span lang=\"ES-DO\">Unos 27 equipos entre nacionales e internacionales ser\u00e1n los que participar\u00e1n en la edici\u00f3n 40 de la\u00a0<\/span><span lang=\"ES-DO\">Vuelta<\/span>\u00a0Ciclista\u00a0In<span lang=\"ES-DO\">de<\/span><span lang=\"ES-DO\">pen<\/span><span lang=\"ES-DO\">de<\/span><span lang=\"ES-DO\">ncia<\/span><span lang=\"ES-DO\">, evento programado para efectuarse\u00a0de<\/span><span lang=\"ES-DO\">l 25 de febrero al tres de marzo pr\u00f3ximo.<\/span><\/p>\n<p><span lang=\"ES-DO\">De<\/span><span lang=\"ES-DO\">\u00a0esta manera lo anunci\u00f3, el licenciado Jorge Blas D\u00edaz, preside<\/span><span lang=\"ES-DO\">nte\u00a0de<\/span><span lang=\"ES-DO\">\u00a0FEDOCI, durante la realizaci\u00f3n\u00a0del\u00a0<\/span><span lang=\"ES-DO\">tradicional encuentro con los periodistas, acto que cont\u00f3 con la presencia\u00a0de\u00a0Luis Mej\u00eda Oviedo, presidente del Comit\u00e9 Ol\u00edmpico Dominicano.<\/span><\/p>\n<p><span lang=\"ES-DO\">\u00a0 \u201cTodas las versiones de la Vuelta Ciclista Nacional son trascendente, pero la de este a\u00f1o tendr\u00e1 un poco m\u00e1s de especial, pues celebraremos los 40 a\u00f1os de ver celebrar la misma\u201d, expres\u00f3 Blas D\u00edaz, quien tuvo a cargo las palabras centrales en que se dieron todos los detalles de lo que ser\u00e1 el certamen, que reunir\u00e1 a gran parte de los mejores pedalistas de Am\u00e9rica.<\/span><\/p>\n<p><span lang=\"ES-DO\">Con 27 selecciones, entre nacionales e internacionales, la Vuelta contar\u00e1 con ciclista de muy alto nivel, que por su nacionalidad representar\u00e1 a unas 30 naciones, incluso con selecciones que representar\u00e1n tanto a Centroam\u00e9rica como Sudam\u00e9rica\u201d, se\u00f1al\u00f3 Blas D\u00edaz.<\/span><\/p>\n<p><span lang=\"ES-DO\">\u201cLa Vuelta Ciclista es un evento del pa\u00eds en sentido general, de la patria que conmemora nuestra independencia, no es espec\u00edfico de la Federaci\u00f3n de Ciclismo, pues como seres humano que somos estamos de pasada, pero es una justa que debe continuar su trayectoria\u201d, a\u00f1adi\u00f3 Blas D\u00edaz.<\/span><\/p>\n<p><span lang=\"ES-DO\">Blas D\u00edaz sostuvo que la log\u00edstica organizativa est\u00e1 montada y en las pr\u00f3ximas horas esperan culminar de resolver algunos asuntos econ\u00f3micos para que esta edici\u00f3n 40 se realice como lo amerita la calidad y trascendencia del mismo.<\/span><\/p>\n<p><span lang=\"ES-DO\">El presidente de FEDOCI expres\u00f3 que se est\u00e1 a la espera de que el presidente de la Rep\u00fablica, Danilo Medina, otorgue el visto bueno para dar el banderazo de honor el lunes a las 9 de la ma\u00f1ana, el cual partir\u00eda desde las escalinatas del Palacio Nacional. En su defecto, el certamen tendr\u00eda su apertura desde la explanada frontal del Vel\u00f3dromo Ol\u00edmpico.<\/span><\/p>\n<p><span lang=\"ES-DO\">Las selecciones que estar\u00e1n presentes en el tradicional giro dominicano ser\u00e1n Eda Evolution, las selecciones de Mart\u00ednica, Guadalupe, Sudamerica, Del Caribe, Centroamerica, Team Novo Nordisk, Essen CBT Cycling Team (Suiza) Tharcor Pro Cycling Team (Italia), Barbados Cycling Team, Equipo Team Saitel entre otros.<\/span><\/p>\n<p><span lang=\"ES-DO\">Mientras que los Nacionales comprenden, Arcoiris, F\u00e9nix, Aero Cycling Team, Inteja DCT, Escuela Ciclismo Cibao, Asocipe (Moca), Asocisancris (San Crist\u00f3bal), Asociro (La Romana), Asodoci (New York), Construcciones F&amp;F y Equipo GoodBike Drink2Go.<\/span><\/p>\n<p><span lang=\"ES-DO\">Asimismo, Mej\u00eda Oviedo ponder\u00f3 la celebraci\u00f3n cada a\u00f1o de este certamen, el cual a nivel deportivo marca la pauta de las fiestas patrias que se celebran en el pa\u00eds cada febrero.<\/span><\/p>\n<p><span lang=\"ES-DO\">\u201cLa Vuelta Ciclista ha sido gran estandarte en el deporte dominicano, ha logrado mantener su consistencia y se efect\u00faa con gran altura y un nivel mucho m\u00e1s elevado\u201d, se\u00f1al\u00f3 Mej\u00eda sobre el certamen que contar\u00e1 con la categor\u00eda 2.2 avalado por la Uni\u00f3n Ciclista Internacional y que otorgar\u00e1 puntos para los Juegos Ol\u00edmpicos de Tokyo en el 2020.<\/span><\/p>\n<p><span lang=\"ES-DO\">La actividad cont\u00f3 con la presencia de Mej\u00eda Oviedo, Rafael Tejada, secretario general de FEDOCI, Miguel Segura, Director de Protocolo, Miguel Angel Gonz\u00e1lez, director t\u00e9cnico del certamen<\/span><\/p>\n<p><span lang=\"ES-DO\">Las etapas<\/span><\/p>\n<p><span lang=\"ES-DO\">El giro iniciar\u00e1 el lunes 25 a partir de las 9:00 de la ma\u00f1ana con una primera etapa que tendr\u00e1 su fase de conclusi\u00f3n en la provincia Ocoa, destino a donde llegar\u00e1 tras salir desde la autopista Circunvalaci\u00f3n, recorriendo las ciudades de San Crist\u00f3bal y Bani. El trayecto de competencia ser\u00e1 de 120 kil\u00f3metros.<\/span><\/p>\n<p><span lang=\"ES-DO\">La segunda etapa, el d\u00eda 26 tambi\u00e9n saldr\u00e1 desde Santo Domingo con destino a La Romana, teniendo una distancia de 120 kil\u00f3metros.<\/span><\/p>\n<p><span lang=\"ES-DO\">Mientras que el 27 de febrero se correr\u00e1 un circuito en la autopista El Higuero, con distancia a recorrer de 110 kil\u00f3metros. El m\u00e1s importante evento cicl\u00edstico del pa\u00eds est\u00e1 inscrito dentro de las festividades de las fiestas patrias.<\/span><\/p>\n<p><span lang=\"ES-DO\">La cuarta etapa tambi\u00e9n a las 9 de la ma\u00f1ana comprender\u00e1 la\u00a0ruta<\/span><span lang=\"ES-DO\">\u00a0que partir\u00e1 desde Santo Domingo hasta Monte Plata, hecho que se convertir\u00e1 en una novedad que el evento llegue hasta all\u00ed. La distancia a recorrer ser\u00e1 de 120 kil\u00f3metros.<\/span><\/p>\n<p><span lang=\"ES-DO\">En la siguiente etapa el pelot\u00f3n saldr\u00e1 desde Monte Plata con destino a San Francisco de Macor\u00eds, certamen que recorrer\u00e1 una distancia de 160 kil\u00f3metros.<\/span><\/p>\n<p><span lang=\"ES-DO\">Para el dos de marzo est\u00e1 programada efectuarse la etapa de monta\u00f1a, partiendo desde Moca hacia Santiago, retornando hasta Constanza, la cual tendr\u00e1 un recorrido de 130 kil\u00f3metros.\u00a0\u00a0\u00a0<\/span><\/p>\n<p><span lang=\"ES-DO\">De su lado, el d\u00eda tres concluye con un circuito de 110 kil\u00f3metros en el \u00e1rea monumental de Santiago.<\/span><\/p>\n<p><span lang=\"ES-DO\">\u00a0<\/span><\/p>\n","protected":false},"excerpt":{"rendered":"<p>Jorge Blas D\u00edaz anuncia todos los pormenores que comprender\u00e1 el giro que inicia el 25\u00a0de\u00a0este mes.<\/p>\n","protected":false},"author":16,"featured_media":49066,"comment_status":"closed","ping_status":"closed","sticky":false,"template":"","format":"standard","meta":[],"categories":[2,60],"tags":[],"acf":[],"_links":{"self":[{"href":"https:\/\/colimdo.org\/wp-api\/wp\/v2\/posts\/49065"}],"collection":[{"href":"https:\/\/colimdo.org\/wp-api\/wp\/v2\/posts"}],"about":[{"href":"https:\/\/colimdo.org\/wp-api\/wp\/v2\/types\/post"}],"author":[{"embeddable":true,"href":"https:\/\/colimdo.org\/wp-api\/wp\/v2\/users\/16"}],"replies":[{"embeddable":true,"href":"https:\/\/colimdo.org\/wp-api\/wp\/v2\/comments?post=49065"}],"version-history":[{"count":2,"href":"https:\/\/colimdo.org\/wp-api\/wp\/v2\/posts\/49065\/revisions"}],"predecessor-version":[{"id":49068,"href":"https:\/\/colimdo.org\/wp-api\/wp\/v2\/posts\/49065\/revisions\/49068"}],"wp:featuredmedia":[{"embeddable":true,"href":"https:\/\/colimdo.org\/wp-api\/wp\/v2\/media\/49066"}],"wp:attachment":[{"href":"https:\/\/colimdo.org\/wp-api\/wp\/v2\/media?parent=49065"}],"wp:term":[{"taxonomy":"category","embeddable":true,"href":"https:\/\/colimdo.org\/wp-api\/wp\/v2\/categories?post=49065"},{"taxonomy":"post_tag","embeddable":true,"href":"https:\/\/colimdo.org\/wp-api\/wp\/v2\/tags?post=49065"}],"curies":[{"name":"wp","href":"https:\/\/api.w.org\/{rel}","templated":true}]}}