{"id":49078,"date":"2019-02-22T15:51:16","date_gmt":"2019-02-22T15:51:16","guid":{"rendered":"https:\/\/colimdo.org\/?p=49078"},"modified":"2019-02-22T15:51:16","modified_gmt":"2019-02-22T15:51:16","slug":"coi-insta-aislar-deportivamente-india-negar-visado-atletas-paquistanies","status":"publish","type":"post","link":"https:\/\/colimdo.org\/noticias\/coi-insta-aislar-deportivamente-india-negar-visado-atletas-paquistanies\/","title":{"rendered":"COI insta a aislar deportivamente a India por negar el visado a atletas paquistan\u00edes"},"content":{"rendered":"<p class=\"canvas-atom canvas-text Mb(1.0em) Mb(0)--sm Mt(0.8em)--sm\">NUEVA DELHI (Reuters) &#8211; El Comit\u00e9 Ol\u00edmpico Internacional (COI) suspendi\u00f3 todas las solicitudes de India para organizar futuros eventos e inst\u00f3 a las federaciones deportivas internacionales a que no realicen competiciones en ese pa\u00eds, despu\u00e9s de que a dos atletas paquistan\u00edes se les negara el visado para competir en Nueva Delhi.<\/p>\n<p class=\"canvas-atom canvas-text Mb(1.0em) Mb(0)--sm Mt(0.8em)--sm\">La negaci\u00f3n del visado de entrada a dos tiradores que participar\u00edan en una prueba de la Copa del Mundo este fin de semana se produjo tras el ataque de la semana pasada de un grupo militante de Pakist\u00e1n en la disputada regi\u00f3n de Cachemira, en el que murieron al menos 40 polic\u00edas paramilitares.<\/p>\n<p class=\"canvas-atom canvas-text Mb(1.0em) Mb(0)--sm Mt(0.8em)--sm\">India acus\u00f3 a su vecino de no hacer lo suficiente para controlar a los grupos militantes responsables de los ataques perpetrados en Cachemira. Pakist\u00e1n ha negado cualquier participaci\u00f3n en el asunto.<\/p>\n<p class=\"canvas-atom canvas-text Mb(1.0em) Mb(0)--sm Mt(0.8em)--sm\">El COI dijo que la negativa de entregar visados a los competidores paquistan\u00edes va en contra de los principios de la Carta Ol\u00edmpica, relacionados con evitar la discriminaci\u00f3n y la interferencia en temas pol\u00edticos por parte del pa\u00eds anfitri\u00f3n.<\/p>\n<p class=\"canvas-atom canvas-text Mb(1.0em) Mb(0)--sm Mt(0.8em)--sm\">&#8220;Desde que tom\u00e9 conciencia del problema, y \u200b\u200ba pesar de los intensos&#8230; esfuerzos&#8230; y las discusiones con las autoridades gubernamentales de India, no se ha encontrado ninguna soluci\u00f3n que permita a la delegaci\u00f3n paquistan\u00ed entrar en India a tiempo para competir&#8221;, dijo el COI en un comunicado.<\/p>\n<p class=\"canvas-atom canvas-text Mb(1.0em) Mb(0)--sm Mt(0.8em)--sm\">&#8220;Como resultado, el Consejo Ejecutivo del COI tambi\u00e9n decidi\u00f3 suspender todas las discusiones con el comit\u00e9 ol\u00edmpico de India y con el gobierno con respecto a posibles postulaciones para organizar en India futuros eventos deportivos relacionados con los Juegos Ol\u00edmpicos&#8221;, agreg\u00f3 el organismo.<\/p>\n<p class=\"canvas-atom canvas-text Mb(1.0em) Mb(0)--sm Mt(0.8em)--sm\">El organismo tambi\u00e9n inst\u00f3 a todas las federaciones deportivas internacionales a que no celebren eventos en India ni otorguen derechos de organizaci\u00f3n en el pa\u00eds para futuras competiciones hasta que el gobierno entregue &#8220;garant\u00edas escritas claras&#8221; para asegurar el acceso de todos los atletas.<\/p>\n<p class=\"canvas-atom canvas-text Mb(1.0em) Mb(0)--sm Mt(0.8em)--sm\">El a\u00f1o pasado, la Asociaci\u00f3n Ol\u00edmpica de India (IOA) present\u00f3 una ambiciosa hoja de ruta para organizar los Juegos Ol\u00edmpicos de la Juventud en 2026, los Juegos Asi\u00e1ticos en 2030 y los Juegos Ol\u00edmpicos de Verano en 2032.<\/p>\n<p class=\"canvas-atom canvas-text Mb(1.0em) Mb(0)--sm Mt(0.8em)--sm\">&#8220;Es un gran rev\u00e9s para los deportes en el pa\u00eds&#8221;, dijo a Reuters el secretario general de IOA, Rajeev Mehta. &#8220;Hemos estado en contacto constante con el gobierno, tratando de explicarles y convencerlos de otorgar visas a los tiradores paquistan\u00edes. Esto es realmente desafortunado&#8221;.<\/p>\n","protected":false},"excerpt":{"rendered":"<p>El COI dijo que la negativa de entregar visados a los competidores paquistan\u00edes va en contra de los principios de la Carta Ol\u00edmpica, relacionados con evitar la discriminaci\u00f3n y la interferencia en temas pol\u00edticos por parte del pa\u00eds anfitri\u00f3n.<\/p>\n","protected":false},"author":16,"featured_media":49079,"comment_status":"closed","ping_status":"closed","sticky":false,"template":"","format":"standard","meta":[],"categories":[2,60],"tags":[],"acf":[],"_links":{"self":[{"href":"https:\/\/colimdo.org\/wp-api\/wp\/v2\/posts\/49078"}],"collection":[{"href":"https:\/\/colimdo.org\/wp-api\/wp\/v2\/posts"}],"about":[{"href":"https:\/\/colimdo.org\/wp-api\/wp\/v2\/types\/post"}],"author":[{"embeddable":true,"href":"https:\/\/colimdo.org\/wp-api\/wp\/v2\/users\/16"}],"replies":[{"embeddable":true,"href":"https:\/\/colimdo.org\/wp-api\/wp\/v2\/comments?post=49078"}],"version-history":[{"count":1,"href":"https:\/\/colimdo.org\/wp-api\/wp\/v2\/posts\/49078\/revisions"}],"predecessor-version":[{"id":49080,"href":"https:\/\/colimdo.org\/wp-api\/wp\/v2\/posts\/49078\/revisions\/49080"}],"wp:featuredmedia":[{"embeddable":true,"href":"https:\/\/colimdo.org\/wp-api\/wp\/v2\/media\/49079"}],"wp:attachment":[{"href":"https:\/\/colimdo.org\/wp-api\/wp\/v2\/media?parent=49078"}],"wp:term":[{"taxonomy":"category","embeddable":true,"href":"https:\/\/colimdo.org\/wp-api\/wp\/v2\/categories?post=49078"},{"taxonomy":"post_tag","embeddable":true,"href":"https:\/\/colimdo.org\/wp-api\/wp\/v2\/tags?post=49078"}],"curies":[{"name":"wp","href":"https:\/\/api.w.org\/{rel}","templated":true}]}}