{"id":49081,"date":"2019-02-22T17:06:48","date_gmt":"2019-02-22T17:06:48","guid":{"rendered":"https:\/\/colimdo.org\/?p=49081"},"modified":"2019-02-22T17:25:12","modified_gmt":"2019-02-22T17:25:12","slug":"luis-mejia-la-vuelta-ciclistica-independencia-clasico-del-deporte-dominicano","status":"publish","type":"post","link":"https:\/\/colimdo.org\/noticias\/luis-mejia-la-vuelta-ciclistica-independencia-clasico-del-deporte-dominicano\/","title":{"rendered":"Mej\u00eda: \u201cLa Vuelta Cicl\u00edstica Independencia es un cl\u00e1sico del deporte dominicano\u201d"},"content":{"rendered":"<p>SANTO DOMINGO. El presidente del Comit\u00e9 Ol\u00edmpico Dominicano (COD), el licenciado Luis Mej\u00eda Oviedo, calific\u00f3 como un cl\u00e1sico del deporte dominicano la Vuelta Cicl\u00edstica Independencia Nacional, que estar\u00e1 celebrando su edici\u00f3n 40 a partir del pr\u00f3ximo domingo 25 y hasta el 03 de marzo.<\/p>\n<p>\u201cLa Vuelta Cicl\u00edstica Independencia es un cl\u00e1sico del deporte dominicano\u201d, dijo Mej\u00eda Oviedo, quien dio cr\u00e9dito a la Federaci\u00f3n Dominicana de Ciclismo (Fedoci), por mantener vigente este giro por 40 a\u00f1os.<\/p>\n<p>\u201cEs un gran logro mantener durante cuatro d\u00e9cadas este cl\u00e1sico, que es de las pocas actividades que penetra a todo el territorio nacional\u201d, explic\u00f3 el miembro del Comit\u00e9 Ol\u00edmpico Internacional, sobre el evento que reunir\u00e1 a unos 27 equipos y ha corredores de 30 pa\u00edses.<\/p>\n<p>Mej\u00eda resalt\u00f3 la importancia de la vuelta para medir el nivel de los atletas dominicanos que participan en ella, los cuales dan un primer paso en este evento, de cara a los dem\u00e1s retos que les espera durante el a\u00f1o.<\/p>\n<p>El principal dirigente deportivo del pa\u00eds, se\u00f1al\u00f3 la importancia de hacer que la poblaci\u00f3n general se acerque y pueda disfrutar de la competitividad y nivel que estar\u00e1 presente en el certamen, el cual ser\u00e1 transmitido por CTV, el canal oficial del Comit\u00e9 Ol\u00edmpico Dominicano, con el fin de lograr ese objetivo.<\/p>\n<p>\u201cEstamos esforz\u00e1ndonos para que haya televisi\u00f3n y para que todos tengan contacto con este importante evento, donde vienen atletas \u00e9lites y estar\u00e1 lo mejor del pa\u00eds\u201d, concluy\u00f3 Mej\u00eda Oviedo.<\/p>\n","protected":false},"excerpt":{"rendered":"<p>El presidente del Comit\u00e9 Ol\u00edmpico Dominicano dio cr\u00e9dito a la Federaci\u00f3n Dominicana de Ciclismo (Fedoci), por mantener vigente este giro por cuatro d\u00e9cadas.<\/p>\n","protected":false},"author":16,"featured_media":49082,"comment_status":"closed","ping_status":"closed","sticky":false,"template":"","format":"standard","meta":[],"categories":[2,60],"tags":[],"acf":[],"_links":{"self":[{"href":"https:\/\/colimdo.org\/wp-api\/wp\/v2\/posts\/49081"}],"collection":[{"href":"https:\/\/colimdo.org\/wp-api\/wp\/v2\/posts"}],"about":[{"href":"https:\/\/colimdo.org\/wp-api\/wp\/v2\/types\/post"}],"author":[{"embeddable":true,"href":"https:\/\/colimdo.org\/wp-api\/wp\/v2\/users\/16"}],"replies":[{"embeddable":true,"href":"https:\/\/colimdo.org\/wp-api\/wp\/v2\/comments?post=49081"}],"version-history":[{"count":2,"href":"https:\/\/colimdo.org\/wp-api\/wp\/v2\/posts\/49081\/revisions"}],"predecessor-version":[{"id":49084,"href":"https:\/\/colimdo.org\/wp-api\/wp\/v2\/posts\/49081\/revisions\/49084"}],"wp:featuredmedia":[{"embeddable":true,"href":"https:\/\/colimdo.org\/wp-api\/wp\/v2\/media\/49082"}],"wp:attachment":[{"href":"https:\/\/colimdo.org\/wp-api\/wp\/v2\/media?parent=49081"}],"wp:term":[{"taxonomy":"category","embeddable":true,"href":"https:\/\/colimdo.org\/wp-api\/wp\/v2\/categories?post=49081"},{"taxonomy":"post_tag","embeddable":true,"href":"https:\/\/colimdo.org\/wp-api\/wp\/v2\/tags?post=49081"}],"curies":[{"name":"wp","href":"https:\/\/api.w.org\/{rel}","templated":true}]}}