{"id":49086,"date":"2019-02-23T02:44:52","date_gmt":"2019-02-23T02:44:52","guid":{"rendered":"https:\/\/colimdo.org\/?p=49086"},"modified":"2019-02-23T02:44:52","modified_gmt":"2019-02-23T02:44:52","slug":"manny-machado-fue-presentado-los-padres-san-diego","status":"publish","type":"post","link":"https:\/\/colimdo.org\/noticias\/manny-machado-fue-presentado-los-padres-san-diego\/","title":{"rendered":"Manny Machado fue presentado por los Padres de San Diego"},"content":{"rendered":"<p>MLB. Manny Machado se puso el uniforme de los Padres por primera vez el viernes, cuando la novena de San Diego present\u00f3 formalmente a su nueva superestrella.<\/p>\n<p>\u201cPor fin termin\u00f3. Finalmente soy un Padre\u201d, dijo Machado.<\/p>\n<p>\u201cEs una verdadera bendici\u00f3n estar aqu\u00ed. Es una verdadera bendici\u00f3n formar parte de esta organizaci\u00f3n. Desde el primer d\u00eda, desde que los conocimos, sab\u00edamos que era el lugar indicado para m\u00ed y para mi esposa. Estamos muy emocionados de estar aqu\u00ed y empezar esta nueva trayectoria de nuestra carrera beisbolera y de nuestras vidas \u2013 de acoger el clima de San Diego y a este equipo\u201d.<\/p>\n<p>Los Padres firmaron a Machado a un contrato r\u00e9cord de 10 a\u00f1os y US$300 millones \u2013 el convenio m\u00e1s grande que se le ha otorgado a un agente libre en la historia. El acuerdo se concret\u00f3 el jueves.<\/p>\n<p>\u201cSe trata de traer un t\u00edtulo de Serie Mundial a San Diego\u201d, dijo el gerente general de los Padres, A.J. Preller. \u201cCreo que muchas personas nos han seguido durante los \u00faltimos a\u00f1os y han sido muy pacientes a medida que hemos tratado de construir algo duradero\u201d.<\/p>\n<p>Machado, quien viene de una de sus mejores temporadas como ligamayorista, se har\u00e1 cargo de la tercera base por los Padres. El infielder de 26 a\u00f1os bate\u00f3 .297 con 37 jonrones y 107 remolcadas entre los Orioles y Dodgers en el 2018.<\/p>\n","protected":false},"excerpt":{"rendered":"<p>El torpedero y antesalista dominicano firm\u00f3 un contrato de 300 millones de d\u00f3lares por los pr\u00f3ximos 10 a\u00f1os con el conjunto de la Liga Nacional.<\/p>\n","protected":false},"author":16,"featured_media":49087,"comment_status":"closed","ping_status":"closed","sticky":false,"template":"","format":"standard","meta":[],"categories":[2,60],"tags":[],"acf":[],"_links":{"self":[{"href":"https:\/\/colimdo.org\/wp-api\/wp\/v2\/posts\/49086"}],"collection":[{"href":"https:\/\/colimdo.org\/wp-api\/wp\/v2\/posts"}],"about":[{"href":"https:\/\/colimdo.org\/wp-api\/wp\/v2\/types\/post"}],"author":[{"embeddable":true,"href":"https:\/\/colimdo.org\/wp-api\/wp\/v2\/users\/16"}],"replies":[{"embeddable":true,"href":"https:\/\/colimdo.org\/wp-api\/wp\/v2\/comments?post=49086"}],"version-history":[{"count":1,"href":"https:\/\/colimdo.org\/wp-api\/wp\/v2\/posts\/49086\/revisions"}],"predecessor-version":[{"id":49088,"href":"https:\/\/colimdo.org\/wp-api\/wp\/v2\/posts\/49086\/revisions\/49088"}],"wp:featuredmedia":[{"embeddable":true,"href":"https:\/\/colimdo.org\/wp-api\/wp\/v2\/media\/49087"}],"wp:attachment":[{"href":"https:\/\/colimdo.org\/wp-api\/wp\/v2\/media?parent=49086"}],"wp:term":[{"taxonomy":"category","embeddable":true,"href":"https:\/\/colimdo.org\/wp-api\/wp\/v2\/categories?post=49086"},{"taxonomy":"post_tag","embeddable":true,"href":"https:\/\/colimdo.org\/wp-api\/wp\/v2\/tags?post=49086"}],"curies":[{"name":"wp","href":"https:\/\/api.w.org\/{rel}","templated":true}]}}