{"id":49101,"date":"2019-02-23T03:10:08","date_gmt":"2019-02-23T03:10:08","guid":{"rendered":"https:\/\/colimdo.org\/?p=49101"},"modified":"2019-02-23T03:10:08","modified_gmt":"2019-02-23T03:10:08","slug":"tas-finaliza-la-vista-del-caso-semenya-fallara-finales-marzo","status":"publish","type":"post","link":"https:\/\/colimdo.org\/noticias\/tas-finaliza-la-vista-del-caso-semenya-fallara-finales-marzo\/","title":{"rendered":"TAS finaliza la vista del caso Semenya y fallar\u00e1 a finales de marzo"},"content":{"rendered":"<p class=\"canvas-atom canvas-text Mb(1.0em) Mb(0)--sm Mt(0.8em)--sm\">Ginebra, 22 feb (EFE).- El Tribunal de Arbitraje Deportivo (TAS) inform\u00f3 hoy de que ha finalizado la vista del recurso presentado por la atleta sudafricana Caster Semenya contra la Federaci\u00f3n Internacional de Atletismo (IAAF) por las nuevas normativas que impedir\u00edan a mujeres con altos niveles de testosterona competir en el pruebas femeninas.<\/p>\n<p class=\"canvas-atom canvas-text Mb(1.0em) Mb(0)--sm Mt(0.8em)--sm\">El tribunal con sede en Lausana, que ha escuchado a las partes en litigio a lo largo de esta semana, dio por finalizadas las audiencias y tras una deliberaci\u00f3n emitir\u00e1 su decisi\u00f3n como muy tarde el 26 de marzo, se\u00f1al\u00f3 la instituci\u00f3n en un comunicado.<\/p>\n<p class=\"canvas-atom canvas-text Mb(1.0em) Mb(0)--sm Mt(0.8em)--sm\">El presidente de la IAAF, el brit\u00e1nico Sebastian Coe, ha participado en la semana de alegaciones, as\u00ed como la propia Semenya, que hoy present\u00f3 su alegato final &#8220;en una atm\u00f3sfera cordial y de respeto&#8221;, seg\u00fan el TAS.<\/p>\n<p class=\"canvas-atom canvas-text Mb(1.0em) Mb(0)--sm Mt(0.8em)--sm\">El tribunal deportivo tambi\u00e9n subray\u00f3 que el proceso &#8220;es uno de los m\u00e1s cruciales&#8221; en los que ha tomado parte.<\/p>\n<p class=\"canvas-atom canvas-text Mb(1.0em) Mb(0)--sm Mt(0.8em)--sm\">El caso gira en torno a normativas que la IAAF quiere aplicar a las atletas con hiperandrogenismo y restringir\u00eda su participaci\u00f3n en carreras de distancias comprendidas entre los 400 y los 1.600 metros.<\/p>\n<p class=\"canvas-atom canvas-text Mb(1.0em) Mb(0)--sm Mt(0.8em)--sm\">Semenya es una de las deportistas con hiperandrogenismo m\u00e1s conocidas, y es doble campeona ol\u00edmpica de 800 metros en Londres 2012 y Rio 2016, por lo que arguye que la normativa de la IAAF ha sido dise\u00f1ada contra ella y atletas en su misma situaci\u00f3n, que deber\u00edan medicarse para poder competir.<\/p>\n<p class=\"canvas-atom canvas-text Mb(1.0em) Mb(0)--sm Mt(0.8em)--sm\">De aprobarse, la norma de la IAAF impedir\u00eda participar en pruebas de medio fondo a las atletas que no mantengan sus niveles de testosterona por debajo de los 5 nanomoles por litro de sangre durante al menos seis meses antes de competir.<\/p>\n<p class=\"canvas-atom canvas-text Mb(1.0em) Mb(0)--sm Mt(0.8em)--sm\">Hasta la fecha, el umbral de tolerancia para los niveles de testosterona estaba en los 10 nanomoles y ahora se reducir\u00eda a la mitad porque, seg\u00fan estudios a los que alude la IAAF, una mayor proporci\u00f3n aumenta un 4,4 % la masa muscular, entre un 12 y un 26 % la fuerza y un 7,8 % la hemoglobina.<\/p>\n<p class=\"canvas-atom canvas-text Mb(1.0em) Mb(0)--sm Mt(0.8em)--sm\">La federaci\u00f3n internacional quer\u00eda que la controvertida norma entrara en vigor el 1 de noviembre de 2018, pero pospuso la fecha hasta marzo, precisamente a la espera de la decisi\u00f3n final del TAS.<\/p>\n","protected":false},"excerpt":{"rendered":"<p>El tribunal con sede en Lausana, que ha escuchado a las partes en litigio a lo largo de esta semana, dio por finalizadas las audiencias y tras una deliberaci\u00f3n emitir\u00e1 su decisi\u00f3n como muy tarde el 26 de marzo, se\u00f1al\u00f3 la instituci\u00f3n en un comunicado.<\/p>\n","protected":false},"author":16,"featured_media":49102,"comment_status":"closed","ping_status":"closed","sticky":false,"template":"","format":"standard","meta":[],"categories":[2,60],"tags":[],"acf":[],"_links":{"self":[{"href":"https:\/\/colimdo.org\/wp-api\/wp\/v2\/posts\/49101"}],"collection":[{"href":"https:\/\/colimdo.org\/wp-api\/wp\/v2\/posts"}],"about":[{"href":"https:\/\/colimdo.org\/wp-api\/wp\/v2\/types\/post"}],"author":[{"embeddable":true,"href":"https:\/\/colimdo.org\/wp-api\/wp\/v2\/users\/16"}],"replies":[{"embeddable":true,"href":"https:\/\/colimdo.org\/wp-api\/wp\/v2\/comments?post=49101"}],"version-history":[{"count":1,"href":"https:\/\/colimdo.org\/wp-api\/wp\/v2\/posts\/49101\/revisions"}],"predecessor-version":[{"id":49103,"href":"https:\/\/colimdo.org\/wp-api\/wp\/v2\/posts\/49101\/revisions\/49103"}],"wp:featuredmedia":[{"embeddable":true,"href":"https:\/\/colimdo.org\/wp-api\/wp\/v2\/media\/49102"}],"wp:attachment":[{"href":"https:\/\/colimdo.org\/wp-api\/wp\/v2\/media?parent=49101"}],"wp:term":[{"taxonomy":"category","embeddable":true,"href":"https:\/\/colimdo.org\/wp-api\/wp\/v2\/categories?post=49101"},{"taxonomy":"post_tag","embeddable":true,"href":"https:\/\/colimdo.org\/wp-api\/wp\/v2\/tags?post=49101"}],"curies":[{"name":"wp","href":"https:\/\/api.w.org\/{rel}","templated":true}]}}