{"id":49108,"date":"2019-02-23T03:27:04","date_gmt":"2019-02-23T03:27:04","guid":{"rendered":"https:\/\/colimdo.org\/?p=49108"},"modified":"2019-02-23T03:27:04","modified_gmt":"2019-02-23T03:27:04","slug":"la-fifa-retiro-peru-la-sede-del-mundial-sub17","status":"publish","type":"post","link":"https:\/\/colimdo.org\/noticias\/la-fifa-retiro-peru-la-sede-del-mundial-sub17\/","title":{"rendered":"La FIFA retir\u00f3 a Per\u00fa la sede del Mundial sub&#8217;17"},"content":{"rendered":"<p class=\"canvas-atom canvas-text Mb(1.0em) Mb(0)--sm Mt(0.8em)--sm\">Lima, 22 feb (EFE).- La FIFA ha retirado a Per\u00fa la sede del Mundial sub&#8217;17, programado del 5 al 27 de octubre, por no &#8220;lograr la totalidad de requisitos solicitados&#8221;, anunci\u00f3 este viernes la Federaci\u00f3n Peruana de F\u00fatbol (FPF).<\/p>\n<p class=\"canvas-atom canvas-text Mb(1.0em) Mb(0)--sm Mt(0.8em)--sm\">El Comit\u00e9 Organizador afirm\u00f3 que, &#8220;a pesar de los grandes esfuerzos&#8221; desplegados, &#8220;no se ha podido lograr la totalidad de requisitos solicitados por la FIFA&#8221;.<\/p>\n<p class=\"canvas-atom canvas-text Mb(1.0em) Mb(0)--sm Mt(0.8em)--sm\">La FPF agreg\u00f3 que la FIFA reconoci\u00f3 los esfuerzos de esta entidad, la FPF, el Comit\u00e9 Organizador Local y el gobierno peruano, y los alent\u00f3 a continuar con su plan de infraestructura para cumplir con los requerimientos de una nueva candidatura en el futuro.<\/p>\n<p class=\"canvas-atom canvas-text Mb(1.0em) Mb(0)--sm Mt(0.8em)--sm\">Las autoridades del f\u00fatbol peruano se comprometieron a buscar la sede de un torneo internacional en 2021, cuando el pa\u00eds celebrar\u00e1 el bicentenario de su independencia.<\/p>\n<p class=\"canvas-atom canvas-text Mb(1.0em) Mb(0)--sm Mt(0.8em)--sm\">Per\u00fa organiz\u00f3 el Mundial sub&#8217;17 en 2005, que gan\u00f3 M\u00e9xico con un equipo en el que destacaron Carlos Vela y Giovani Dos Santos.<\/p>\n<p class=\"canvas-atom canvas-text Mb(1.0em) Mb(0)--sm Mt(0.8em)--sm\">El presidente de la FIFA, Gianni Infantino, calific\u00f3 a Per\u00fa como &#8220;un pa\u00eds futbolero y simp\u00e1tico&#8221; al ser designado hace un a\u00f1o como el organizador del mundial sub&#8217;17 de este a\u00f1o.<\/p>\n<p class=\"canvas-atom canvas-text Mb(1.0em) Mb(0)--sm Mt(0.8em)--sm\">&#8220;Me acuerdo sobre todo de Per\u00fa en el Mundial de 1982. Tiene una tradici\u00f3n de f\u00fatbol muy importante. Te\u00f3filo Cubillas, Ger\u00f3nimo Barbadillo y Julio C\u00e9sar Uribe no solo hicieron historia sino leyenda en el f\u00fatbol&#8221;, subray\u00f3 durante su participaci\u00f3n en la pasada cumbre ejecutiva de la FIFA en Lima.<\/p>\n","protected":false},"excerpt":{"rendered":"<p>Seg\u00fan la FIFA la federaci\u00f3n de Per\u00fa o logrado la totalidad de requisitos solicitados.<\/p>\n","protected":false},"author":16,"featured_media":49109,"comment_status":"closed","ping_status":"closed","sticky":false,"template":"","format":"standard","meta":[],"categories":[2,60],"tags":[],"acf":[],"_links":{"self":[{"href":"https:\/\/colimdo.org\/wp-api\/wp\/v2\/posts\/49108"}],"collection":[{"href":"https:\/\/colimdo.org\/wp-api\/wp\/v2\/posts"}],"about":[{"href":"https:\/\/colimdo.org\/wp-api\/wp\/v2\/types\/post"}],"author":[{"embeddable":true,"href":"https:\/\/colimdo.org\/wp-api\/wp\/v2\/users\/16"}],"replies":[{"embeddable":true,"href":"https:\/\/colimdo.org\/wp-api\/wp\/v2\/comments?post=49108"}],"version-history":[{"count":1,"href":"https:\/\/colimdo.org\/wp-api\/wp\/v2\/posts\/49108\/revisions"}],"predecessor-version":[{"id":49110,"href":"https:\/\/colimdo.org\/wp-api\/wp\/v2\/posts\/49108\/revisions\/49110"}],"wp:featuredmedia":[{"embeddable":true,"href":"https:\/\/colimdo.org\/wp-api\/wp\/v2\/media\/49109"}],"wp:attachment":[{"href":"https:\/\/colimdo.org\/wp-api\/wp\/v2\/media?parent=49108"}],"wp:term":[{"taxonomy":"category","embeddable":true,"href":"https:\/\/colimdo.org\/wp-api\/wp\/v2\/categories?post=49108"},{"taxonomy":"post_tag","embeddable":true,"href":"https:\/\/colimdo.org\/wp-api\/wp\/v2\/tags?post=49108"}],"curies":[{"name":"wp","href":"https:\/\/api.w.org\/{rel}","templated":true}]}}