{"id":49138,"date":"2019-02-23T20:34:47","date_gmt":"2019-02-23T20:34:47","guid":{"rendered":"https:\/\/colimdo.org\/?p=49138"},"modified":"2019-02-23T20:34:47","modified_gmt":"2019-02-23T20:34:47","slug":"luis-mejia-anuncia-vuelta-ciclista-copa-boxeo-se-transmitiran-colimdo-tv","status":"publish","type":"post","link":"https:\/\/colimdo.org\/noticias\/luis-mejia-anuncia-vuelta-ciclista-copa-boxeo-se-transmitiran-colimdo-tv\/","title":{"rendered":"Luis Mej\u00eda anuncia Vuelta Ciclista y Copa\u00a0de Boxeo se transmitir\u00e1n por Colimdo TV"},"content":{"rendered":"<p><span lang=\"ES-TRAD\">SANTO DOMINGO.- El Comit\u00e9 Ol\u00edmpico Dominicano (COD) felicit\u00f3 a las Federaciones de Ciclismo y Boxeo respectivamente, por haber mantenido en el tiempo dos los eventos m\u00e1s emblem\u00e1tico de esos deportes: La Vuelta Ciclista Independencia y la Copa Independencia de Boxeo.<\/span><\/p>\n<p class=\"yiv5723814369ydpddcb60bMsoNoSpacing\"><span lang=\"ES-TRAD\">Ambos campeonatos tienen decenas de a\u00f1os celebr\u00e1ndose de manera ininterrumpida con una participaci\u00f3n internacional importante y eso es para celebrar, dice una nota de la Oficina de Prensa del COD.<\/span><\/p>\n<p class=\"yiv5723814369ydpddcb60bMsoNoSpacing\"><span lang=\"ES-TRAD\">Estos dos acontecimientos que son esperados cada a\u00f1o, constituyen una demostraci\u00f3n de la perseverancia en el trabajo de la dirigencia deportiva del pa\u00eds.<\/span><\/p>\n<p class=\"yiv5723814369ydpddcb60bMsoNoSpacing\"><span lang=\"ES-TRAD\">\u201cLo m\u00e1s significativo de la Copa Independencia de Boxeo y la Vuelta Ciclista Independencia es que ambos eventos rinden homenaje a la Patria\u201d, manifest\u00f3 Luis Mej\u00eda, presidente del COD, se\u00f1alando que tambi\u00e9n es importante que los dos tocan el interior del pa\u00eds.<\/span><\/p>\n<p class=\"yiv5723814369ydpddcb60bMsoNoSpacing\"><span lang=\"ES-TRAD\">Anunci\u00f3 que tanto la Copa de Boxeo como la Vuelta Ciclista ser\u00e1n transmitidos por Colimdo TV, a trav\u00e9s del canal CTV 88. \u201cLa cobertura ser\u00e1 total\u201d, insisti\u00f3 Mej\u00eda.<\/span><\/p>\n<p class=\"yiv5723814369ydpddcb60bMsoNoSpacing\"><span lang=\"ES-TRAD\">La Vuelta Ciclista Independencia entra este a\u00f1o en su versi\u00f3n n\u00famero 40 y comenzar\u00e1 el pr\u00f3ximo lunes con pedalistas de 27 equipos de primer nivel, tanto nacionales como internacionales.<\/span><\/p>\n<p class=\"yiv5723814369ydpddcb60bMsoNoSpacing\"><span lang=\"ES-TRAD\">El COD extiende una cordial felicitaci\u00f3n a Jorge Blas P\u00e9rez, presidente de la Federaci\u00f3n Dominicana de Ciclismo por el esfuerzo y dedicaci\u00f3n que hace para organizar y realizar cada a\u00f1o este importante evento del deporte del ciclismo.<\/span><\/p>\n<p class=\"yiv5723814369ydpddcb60bMsoNoSpacing\"><span lang=\"ES-TRAD\">La versi\u00f3n de este a\u00f1o 2019\u00a0<\/span>est\u00e1 dedicada al periodista H\u00e9ctor J. Cruz, editor deportivo de List\u00edn Diario, quien encabez\u00f3 la organizaci\u00f3n del primer evento en 1979.<\/p>\n<p class=\"yiv5723814369ydpddcb60bMsoNoSpacing\"><b><span lang=\"ES-TRAD\">Copa Independencia de Boxeo<\/span><\/b><b><\/b><\/p>\n<p class=\"yiv5723814369ydpddcb60bMsoNoSpacing\"><span lang=\"ES-TRAD\">Igualmente el COD saluda la celebraci\u00f3n de la trig\u00e9simo octava edici\u00f3n de la Copa Independencia de Boxeo. Son 38 a\u00f1os que lleva este evento que convoca p\u00fagiles de Rep\u00fablica Dominicana y otras naciones del mundo, dice la nota del COD, por lo que tambi\u00e9n extiende sus congratulaciones a la Asociaci\u00f3n de Boxeo de la ciudad de Santiago, a trav\u00e9s de la Federaci\u00f3n Dominicana de Boxeo.<\/span><b><\/b><\/p>\n<p class=\"yiv5723814369ydpddcb60bMsoNoSpacing\"><span lang=\"ES-TRAD\">Es un torneo de boxeo que se ha mantenido en el tiempo y nos enorgullece que esta iniciativa se mantenga y se celebre con tanto entusiasmo y un gran nivel competitivo.<\/span><\/p>\n<p class=\"yiv5723814369ydpddcb60bMsoNoSpacing\"><span lang=\"ES-TRAD\">La edici\u00f3n 2019 est\u00e1 dedicada al presidente Danilo Medina y a Monchy Rodr\u00edguez In Memoriam.<\/span><\/p>\n<p class=\"yiv5723814369ydpddcb60bMsoNoSpacing\"><span lang=\"ES-TRAD\">El COD tambi\u00e9n extiende sus felicitaciones a Juan Vargas, presidente de la Federaci\u00f3n Dominicana de Boxeo, as\u00ed como a Ariel Acosta, presidente de la Asociaci\u00f3n de Boxeo de la ciudad de Santiago, sede tradicional de este torneo y a todos sus dirigentes y auspiciadores.<\/span><\/p>\n","protected":false},"excerpt":{"rendered":"<p>Ambos campeonatos tienen decenas de a\u00f1os celebr\u00e1ndose de manera ininterrumpida con una participaci\u00f3n internacional importante y eso es para celebrar, dice una nota de la Oficina de Prensa del COD.<\/p>\n","protected":false},"author":16,"featured_media":49139,"comment_status":"closed","ping_status":"closed","sticky":false,"template":"","format":"standard","meta":[],"categories":[2,60],"tags":[],"acf":[],"_links":{"self":[{"href":"https:\/\/colimdo.org\/wp-api\/wp\/v2\/posts\/49138"}],"collection":[{"href":"https:\/\/colimdo.org\/wp-api\/wp\/v2\/posts"}],"about":[{"href":"https:\/\/colimdo.org\/wp-api\/wp\/v2\/types\/post"}],"author":[{"embeddable":true,"href":"https:\/\/colimdo.org\/wp-api\/wp\/v2\/users\/16"}],"replies":[{"embeddable":true,"href":"https:\/\/colimdo.org\/wp-api\/wp\/v2\/comments?post=49138"}],"version-history":[{"count":1,"href":"https:\/\/colimdo.org\/wp-api\/wp\/v2\/posts\/49138\/revisions"}],"predecessor-version":[{"id":49140,"href":"https:\/\/colimdo.org\/wp-api\/wp\/v2\/posts\/49138\/revisions\/49140"}],"wp:featuredmedia":[{"embeddable":true,"href":"https:\/\/colimdo.org\/wp-api\/wp\/v2\/media\/49139"}],"wp:attachment":[{"href":"https:\/\/colimdo.org\/wp-api\/wp\/v2\/media?parent=49138"}],"wp:term":[{"taxonomy":"category","embeddable":true,"href":"https:\/\/colimdo.org\/wp-api\/wp\/v2\/categories?post=49138"},{"taxonomy":"post_tag","embeddable":true,"href":"https:\/\/colimdo.org\/wp-api\/wp\/v2\/tags?post=49138"}],"curies":[{"name":"wp","href":"https:\/\/api.w.org\/{rel}","templated":true}]}}