{"id":49146,"date":"2019-02-23T22:17:15","date_gmt":"2019-02-23T22:17:15","guid":{"rendered":"https:\/\/colimdo.org\/?p=49146"},"modified":"2019-02-23T22:17:15","modified_gmt":"2019-02-23T22:17:15","slug":"torneo-nacional-ajedrez-femenino-dedicado-rectora-la-uasd","status":"publish","type":"post","link":"https:\/\/colimdo.org\/noticias\/torneo-nacional-ajedrez-femenino-dedicado-rectora-la-uasd\/","title":{"rendered":"Torneo Nacional de Ajedrez Femenino es dedicado a rectora de la UASD"},"content":{"rendered":"<p class=\"DETALLE_N_titulo \"><strong>SANTO DOMINGO (EFE).-\u00a0<\/strong>La Federaci\u00f3n Dominicana de Ajedrez (FDA) inform\u00f3 hoy que el torneo nacional femenino 2019 ha sido dedicado a la rectora de la Universidad Aut\u00f3noma de Santo Domingo (UASD), Emma Polanco Melo, primera mujer en ocupar ese cargo en los 480 a\u00f1os de la \u2018Primada de Am\u00e9rica\u2019.<\/p>\n<div id=\"texto\" class=\"texto_txt\">\n<div class=\"DETALLE_N_texto \">\n<p><span id=\"ctl14_lblMostra\">El evento se celebrar\u00e1 del 1 al 10 de marzo con la participaci\u00f3n de las mejores 32 jugadoras del pa\u00eds, con el respaldo del Ministerio de Deportes en opci\u00f3n a la copa Grupo Corripio.<\/span><\/p>\n<p>Los detalles fueron ofrecidos por el presidente de la federaci\u00f3n Willy Gonz\u00e1lez, quien resalt\u00f3 que la actividad se realizar\u00e1 en el sal\u00f3n de ajedrez Panch\u00f3n Matos Rivera, de esa entidad, ubicada en el Centro Ol\u00edmpico Juan Pablo Duarte del Distrito Nacional.<\/p>\n<p>Destac\u00f3 que el comit\u00e9 ejecutivo aprob\u00f3 a unanimidad la dedicatoria a Polanco Melo por ser una \u201cdigna representante\u201d de la mujer dominicana que ha engrandecido este g\u00e9nero a nivel nacional e internacional.<\/p>\n<p>Gonz\u00e1lez destac\u00f3 que la rectora de la UASD ha sido una gran defensora de la educaci\u00f3n dominicana y una persona muy preocupada por la equidad de g\u00e9nero en el pa\u00eds.<\/p>\n<p>Sostuvo que en la jornada inaugural la FDA le entregar\u00e1 un \u201cmerecido reconocimiento\u201d por sus valiosos aportes en favor del deporte nacional.<\/p>\n<p>Resalt\u00f3, adem\u00e1s, que el comit\u00e9 ejecutivo aprob\u00f3 como presidente del comit\u00e9 organizador el expresidente de la entidad Pedro Dom\u00ednguez Brito.<\/p>\n<p>A\u00f1adi\u00f3 que la campeona del evento adquirir\u00e1 el t\u00edtulo de maestra nacional, y formar\u00e1 parte del seleccionado nacional que representar\u00e1 a la Rep\u00fablica Dominicana en los eventos internacionales de 2019.<\/p>\n<\/div>\n<\/div>\n","protected":false},"excerpt":{"rendered":"<p>El evento se celebrar\u00e1 del 1 al 10 de marzo con la participaci\u00f3n de las mejores 32 jugadoras del pa\u00eds, con el respaldo del Ministerio de Deportes en opci\u00f3n a la copa Grupo Corripio.<\/p>\n","protected":false},"author":16,"featured_media":49147,"comment_status":"closed","ping_status":"closed","sticky":false,"template":"","format":"standard","meta":[],"categories":[2,60],"tags":[],"acf":[],"_links":{"self":[{"href":"https:\/\/colimdo.org\/wp-api\/wp\/v2\/posts\/49146"}],"collection":[{"href":"https:\/\/colimdo.org\/wp-api\/wp\/v2\/posts"}],"about":[{"href":"https:\/\/colimdo.org\/wp-api\/wp\/v2\/types\/post"}],"author":[{"embeddable":true,"href":"https:\/\/colimdo.org\/wp-api\/wp\/v2\/users\/16"}],"replies":[{"embeddable":true,"href":"https:\/\/colimdo.org\/wp-api\/wp\/v2\/comments?post=49146"}],"version-history":[{"count":1,"href":"https:\/\/colimdo.org\/wp-api\/wp\/v2\/posts\/49146\/revisions"}],"predecessor-version":[{"id":49148,"href":"https:\/\/colimdo.org\/wp-api\/wp\/v2\/posts\/49146\/revisions\/49148"}],"wp:featuredmedia":[{"embeddable":true,"href":"https:\/\/colimdo.org\/wp-api\/wp\/v2\/media\/49147"}],"wp:attachment":[{"href":"https:\/\/colimdo.org\/wp-api\/wp\/v2\/media?parent=49146"}],"wp:term":[{"taxonomy":"category","embeddable":true,"href":"https:\/\/colimdo.org\/wp-api\/wp\/v2\/categories?post=49146"},{"taxonomy":"post_tag","embeddable":true,"href":"https:\/\/colimdo.org\/wp-api\/wp\/v2\/tags?post=49146"}],"curies":[{"name":"wp","href":"https:\/\/api.w.org\/{rel}","templated":true}]}}