{"id":49149,"date":"2019-02-23T22:34:56","date_gmt":"2019-02-23T22:34:56","guid":{"rendered":"https:\/\/colimdo.org\/?p=49149"},"modified":"2019-02-23T22:35:33","modified_gmt":"2019-02-23T22:35:33","slug":"republica-dominicana-quiere-unirse-la-fiesta-mundial-china","status":"publish","type":"post","link":"https:\/\/colimdo.org\/noticias\/republica-dominicana-quiere-unirse-la-fiesta-mundial-china\/","title":{"rendered":"Rep\u00fablica Dominicana quiere unirse a la fiesta en el Mundial de China 2019"},"content":{"rendered":"<p>(Clasificatorios de las Am\u00e9ricas a la Copa del Mundo de Baloncesto FIBA 2019) \u2013 Rep\u00fablica Dominicana est\u00e1 muy cerca de asegurar su clasificaci\u00f3n a la Copa del Mundo China 2019. Necesita una victoria m\u00e1s para alcanzar el objetivo, pero en caso de sufrir un rev\u00e9s de igual manera mantiene grandes posibilidades de acceder, debido a que el \u2018goal average\u2019 le favorece en caso de empate con Uruguay o Puerto Rico, que son los otros equipos a\u00fan tienen opci\u00f3n en el otro grupo.<\/p>\n<p>El rival de los dominicanos, este lunes, desde las 20:30 -hora local- en el Palacio de los Deportes de Santo Domingo, ser\u00e1 nada m\u00e1s y nada menos que Brasil, que anda en buena forma y acaba de concretar su presencia en China al vencer en el partido anterior a Islas V\u00edrgenes.<\/p>\n<p>Los amaz\u00f3nicos se unieron a Argentina, Canad\u00e1, Estados Unidos y Venezuela, como representantes de Am\u00e9rica en la cita que se llevar\u00e1 a cabo este a\u00f1o en tierras asi\u00e1ticas, pero pese a la clasificaci\u00f3n, el entrenador croata Aleksandar Petrovic, adelant\u00f3 que saldr\u00e1n a buscar el triunfo.<\/p>\n<p>\u201cSer\u00e1 un partido importante porque ser\u00e1 en un ambiente que no ser\u00e1 favorable para nosotros y quiero ver como algunos de nuestros jugadores j\u00f3venes responden en esa situaci\u00f3n\u201d, explic\u00f3 el estratega despu\u00e9s de la conquista ante Islas V\u00edrgenes.<\/p>\n<p>Dominicana no querr\u00e1 dejar pasar esta oportunidad para apuntarse en su tercer Mundial, segundo consecutivo (Espa\u00f1a 2014 y Filipinas 1978) y para celebrar en casa con su afici\u00f3n. Para ello, el entrenador Melvyn L\u00f3pez advirti\u00f3 que deben tener la tranquilidad suficiente para ejecutar.<\/p>\n<p>\u201cTenemos que tratar de mejorar la ansiedad. Los muchachos tienen el deseo de hacer las cosas bien pero no es f\u00e1cil salir a jugar con el gimnasio lleno y querer darle las victorias al pa\u00eds\u201d, declar\u00f3.<\/p>\n<p>Brasil exhibe marca de 8-3 para ubicarse en el tercer lugar del Grupo F. Dominicana marcha cuarto con balance de 7-4. Por Am\u00e9rica ser\u00e1n siete los conjuntos que dir\u00e1n presente en el Mundial. Los dos cupos que quedan disponibles los dirimir\u00e1n los quisqueyanos, puertorrique\u00f1os y uruguayos.<\/p>\n","protected":false},"excerpt":{"rendered":"<p>Los dos cupos que quedan disponibles para la Copa Mundial de Baloncesto los dirimir\u00e1n los quisqueyanos, puertorrique\u00f1os y uruguayos.<\/p>\n","protected":false},"author":16,"featured_media":49150,"comment_status":"closed","ping_status":"closed","sticky":false,"template":"","format":"standard","meta":[],"categories":[2,60],"tags":[],"acf":[],"_links":{"self":[{"href":"https:\/\/colimdo.org\/wp-api\/wp\/v2\/posts\/49149"}],"collection":[{"href":"https:\/\/colimdo.org\/wp-api\/wp\/v2\/posts"}],"about":[{"href":"https:\/\/colimdo.org\/wp-api\/wp\/v2\/types\/post"}],"author":[{"embeddable":true,"href":"https:\/\/colimdo.org\/wp-api\/wp\/v2\/users\/16"}],"replies":[{"embeddable":true,"href":"https:\/\/colimdo.org\/wp-api\/wp\/v2\/comments?post=49149"}],"version-history":[{"count":2,"href":"https:\/\/colimdo.org\/wp-api\/wp\/v2\/posts\/49149\/revisions"}],"predecessor-version":[{"id":49152,"href":"https:\/\/colimdo.org\/wp-api\/wp\/v2\/posts\/49149\/revisions\/49152"}],"wp:featuredmedia":[{"embeddable":true,"href":"https:\/\/colimdo.org\/wp-api\/wp\/v2\/media\/49150"}],"wp:attachment":[{"href":"https:\/\/colimdo.org\/wp-api\/wp\/v2\/media?parent=49149"}],"wp:term":[{"taxonomy":"category","embeddable":true,"href":"https:\/\/colimdo.org\/wp-api\/wp\/v2\/categories?post=49149"},{"taxonomy":"post_tag","embeddable":true,"href":"https:\/\/colimdo.org\/wp-api\/wp\/v2\/tags?post=49149"}],"curies":[{"name":"wp","href":"https:\/\/api.w.org\/{rel}","templated":true}]}}