{"id":49177,"date":"2019-02-24T15:21:48","date_gmt":"2019-02-24T15:21:48","guid":{"rendered":"https:\/\/colimdo.org\/?p=49177"},"modified":"2019-02-24T15:21:48","modified_gmt":"2019-02-24T15:21:48","slug":"rd-lleva-10-pugilistas-final-la-copa-independencia-boxeo-internacional","status":"publish","type":"post","link":"https:\/\/colimdo.org\/noticias\/rd-lleva-10-pugilistas-final-la-copa-independencia-boxeo-internacional\/","title":{"rendered":"RD lleva 10 pugilistas a final de la Copa Independencia de Boxeo Internacional"},"content":{"rendered":"<p class=\"x_ydp6fb5aa6eyiv5759727357gmail-m6562185710940346886gmail-msonospacing\"><b><span lang=\"ES-DO\">SANTIAGO, Rep\u00fablica Dominicana (23-02-2019).-<\/span><\/b><span lang=\"ES-DO\">\u00a0<\/span>La selecci\u00f3n nacional de la Rep\u00fablica Dominicana encabeza ampliamente y lleva ocho pugilistas masculinos y dos femeninas, a la final de la XXXVIII Copa Independencia de Boxeo Internacional, que finaliza este domingo con una cartelera que inicia a las diez de la ma\u00f1ana en el techado de Los Pepines.<\/p>\n<p class=\"x_ydp6fb5aa6eyiv5759727357MsoNormal\">Los dominicanos de la selecci\u00f3n nacional, hasta el final de la cartelera de ayer s\u00e1bado, suman un total de 25 puntos en la versi\u00f3n masculina, la que disputa la gran copa que se lleva el campe\u00f3n del evento, su ventaja le hace el equipo favorito para quedarse con esa diadema.<\/p>\n<p class=\"x_ydp6fb5aa6eyiv5759727357MsoNormal\">La segunda posici\u00f3n por equipos es para el seleccionado de Costa Rica, que suma 13 puntos, pero apenas lleva dos pugilistas masculinos a la final, as\u00ed como tres femeninas, mientras que en tercero esta Canad\u00e1 con nueve tantos, trae dos boxeadores varones a la \u00faltima cartelera e igual cantidad en femenino.<\/p>\n<p class=\"x_ydp6fb5aa6eyiv5759727357MsoNormal\">El cuarto lugar es para los locales de Santiago, con 7 puntos, que llegan con tres pugilistas masculinos y una femenina, al \u00faltimo cartel, al tiempo que el quinto es Per\u00fa, que clav\u00f3 dos peleadores masculinos en la final y una femenina, tiene seis tantos; en sexto est\u00e1 Ecuador, con cinco puntos, tiene un boxeador en la final.<\/p>\n<p class=\"x_ydp6fb5aa6eyiv5759727357MsoNormal\">Luego, sin oportunidad para ser campeones est\u00e1n, Guatemala, Estados Unidos, Barbados, Chile, Trinidad &amp; Tobago, as\u00ed como, Panam\u00e1.<\/p>\n<p class=\"x_ydp6fb5aa6eyiv5759727357MsoNormal\"><b>Cartelera final<\/b><\/p>\n<p class=\"x_ydp6fb5aa6eyiv5759727357MsoNormal\">La cartelera final que inicia a las diez de la ma\u00f1ana de hoy, es la siguiente: Masculinos en 46-49 kilogramos (kg), William Pe\u00f1a (Per\u00fa) vs Erick Yomer Rosa Pacheco (Santiago); en 52kg, Joseph Potoy Ortiz (Costa Rica) vs Rodrigo Marte (Dominicana) y en 56kg, Jean Carlos Santana Guerrero (Dominicana) vs Jos\u00e9 Miguel N\u00fa\u00f1ez (Santiago).<\/p>\n<p class=\"x_ydp6fb5aa6eyiv5759727357MsoNormal\">En 62kg, Al\u00e9xis de la Cruz B\u00e1ez (Dominicana) vs Eric Basran (Canad\u00e1); en 64kg, Raymi Salvador Taveras (Santiago) vs Hendri Cede\u00f1o (Dominicana); en 69kg, Rohan Polanco (Dominicana) vs Abrahan Mora Calder\u00f3n (Costa Rica) y en 75kg, Euris Cede\u00f1o (Dominicana) vs Bryan Angulo (Ecuador).<\/p>\n<p class=\"x_ydp6fb5aa6eyiv5759727357MsoNormal\">\u00a0En 81 kg, Lu\u00eds Manuel George (Dominicana) vs Francis Orange (USA); en 91kg, Bryan Colwell (Canad\u00e1) vs Joaqu\u00edn Berroa (Dominicana) y en m\u00e1s de 91kg, Nigel Carlan Thomas Paul (Trinidad &amp; Tobago) vs Lu\u00eds Mu\u00f1oz (Per\u00fa).<\/p>\n<p class=\"x_ydp6fb5aa6eyiv5759727357MsoNormal\"><b>Reconocimientos de ayer<\/b><\/p>\n<p class=\"x_ydp6fb5aa6eyiv5759727357MsoNormal\">Ayer fueron reconocidos, el se\u00f1or Ram\u00f3n -Monchy- Rodr\u00edguez, inmemorian, por sus aportes al deporte, especialmente a esa copa y al boxeo, en representaci\u00f3n de su esposa, se\u00f1ora Eugenia Fern\u00e1ndez, recibi\u00f3 la placa el se\u00f1or Samuel Brito.<\/p>\n<p class=\"x_ydp6fb5aa6eyiv5759727357MsoNormal\">Tambi\u00e9n el ingeniero Silvio Dur\u00e1n, director de CORAASAN, por su incondicional apoyo al boxeo de Santiago, fue representado por los se\u00f1ores, Ansel Fern\u00e1ndez y Nelson Checo.<\/p>\n<p class=\"x_ydp6fb5aa6eyiv5759727357MsoNormal\">Asimismo, fue reconocido el comunicador, Porfirio Antonio -Orlando- Reyes, por sus valiosos aportes a la Asociaci\u00f3n de Boxeo de Santiago.<\/p>\n<p class=\"x_ydp6fb5aa6eyiv5759727357MsoNormal\">Los reconocimientos fueron entregados por el presidente del Comit\u00e9 Organizador de la XXXVIII Copa Independencia de Boxeo Internacional, licenciado Radham\u00e9s Espinal, director provincial de deportes MIDEREC; Ariel Acosta, presidente de la Asociaci\u00f3n de Boxeo de Santiago; ingeniero Bienvenido Solano, Irving Vargas, Miguel Mart\u00ednez, Vicente D\u00edaz y otros.<\/p>\n","protected":false},"excerpt":{"rendered":"<p>El grupo de atletas dominicanos que estar\u00e1 en la final, est\u00e1 compuesto por ocho en masculino y dos en femenino.<\/p>\n","protected":false},"author":16,"featured_media":49178,"comment_status":"closed","ping_status":"closed","sticky":false,"template":"","format":"standard","meta":[],"categories":[2,60],"tags":[],"acf":[],"_links":{"self":[{"href":"https:\/\/colimdo.org\/wp-api\/wp\/v2\/posts\/49177"}],"collection":[{"href":"https:\/\/colimdo.org\/wp-api\/wp\/v2\/posts"}],"about":[{"href":"https:\/\/colimdo.org\/wp-api\/wp\/v2\/types\/post"}],"author":[{"embeddable":true,"href":"https:\/\/colimdo.org\/wp-api\/wp\/v2\/users\/16"}],"replies":[{"embeddable":true,"href":"https:\/\/colimdo.org\/wp-api\/wp\/v2\/comments?post=49177"}],"version-history":[{"count":1,"href":"https:\/\/colimdo.org\/wp-api\/wp\/v2\/posts\/49177\/revisions"}],"predecessor-version":[{"id":49179,"href":"https:\/\/colimdo.org\/wp-api\/wp\/v2\/posts\/49177\/revisions\/49179"}],"wp:featuredmedia":[{"embeddable":true,"href":"https:\/\/colimdo.org\/wp-api\/wp\/v2\/media\/49178"}],"wp:attachment":[{"href":"https:\/\/colimdo.org\/wp-api\/wp\/v2\/media?parent=49177"}],"wp:term":[{"taxonomy":"category","embeddable":true,"href":"https:\/\/colimdo.org\/wp-api\/wp\/v2\/categories?post=49177"},{"taxonomy":"post_tag","embeddable":true,"href":"https:\/\/colimdo.org\/wp-api\/wp\/v2\/tags?post=49177"}],"curies":[{"name":"wp","href":"https:\/\/api.w.org\/{rel}","templated":true}]}}