{"id":49181,"date":"2019-02-24T17:31:34","date_gmt":"2019-02-24T17:31:34","guid":{"rendered":"https:\/\/colimdo.org\/?p=49181"},"modified":"2019-02-24T17:32:11","modified_gmt":"2019-02-24T17:32:11","slug":"arranca-este-lunes-la-vuelta-ciclista-independencia-version-numero-40","status":"publish","type":"post","link":"https:\/\/colimdo.org\/noticias\/arranca-este-lunes-la-vuelta-ciclista-independencia-version-numero-40\/","title":{"rendered":"Arranca este lunes la versi\u00f3n n\u00famero 40 de la\u00a0Vuelta\u00a0Ciclista Independencia"},"content":{"rendered":"<p><span lang=\"ES-TRAD\">SANTO DOMINGO.\u00a0<\/span><span lang=\"ES-TRAD\">El ciclismo dominicano vestir\u00e1 una vez m\u00e1s su mejor confort cuando este lunes, a partir de las 9 de la ma\u00f1ana se de apertura a la edici\u00f3n 40 de la\u00a0\u00a0<\/span><span lang=\"ES-TRAD\">Vuelta<\/span><span lang=\"ES-TRAD\">\u00a0<\/span><span lang=\"ES-TRAD\">Ciclista<\/span><span lang=\"ES-TRAD\">\u00a0Independencia, evento que contar\u00e1 con la participaci\u00f3n de 27 equipos, nacionales e internacionales, los cuales recorrer\u00e1n durante una semana los m\u00e1s hermosos lugares del territorio nacional, teniendo como punto de partida la explanada frontal del Vel\u00f3dromo Ol\u00edmpico.<\/span><\/p>\n<p><span lang=\"ES-TRAD\">En el certamen, unos 150 pedalistas estar\u00e1n en franca competencia por las avenidas y carreteras de los diferentes lugares en disputa de los principales premios individuales, mientras que los seleccionados que accionar\u00e1n buscar\u00e1n alcanzar la supremac\u00eda en el aspecto de conjunto.<\/span><\/p>\n<p><span lang=\"ES-TRAD\">El giro quisqueyano, uno de los m\u00e1s trascendentes de Am\u00e9rica arriba a su edici\u00f3n 40 con las mismas chispas y fortalezas de aquel 1979 en que un grupo de j\u00f3venes emprendedores asumieron el reto de montarlo por primera vez.<\/span><\/p>\n<p><span lang=\"ES-TRAD\">A una de esas personalidades que para la \u00e9poca creyeron de forma vehemente en este proyecto le estar\u00e1 dedicada la versi\u00f3n 40 de este rodaje, H\u00e9ctor J. Cruz, Editor Deportivo del Listin Diario, fue uno de los promotores de esa famosa primera versi\u00f3n y est\u00e1 formalmente invitado para que este lunes, a partir de las 9 de la ma\u00f1ana otorgue el banderazo de honor que dejar\u00e1 inaugurada la jornada de este a\u00f1o desde el Vel\u00f3dromo Ol\u00edmpico.<\/span><\/p>\n<p><span lang=\"ES-TRAD\">Al evento est\u00e1n debidamente invitados, el Ministro de Deportes, Danilo D\u00edaz, el licenciado Luis Mej\u00eda Oviedo, presidente del Comit\u00e9 Ol\u00edmpico Dominicano, as\u00ed como las principales autoridades del deporte dominicano.<\/span><\/p>\n<p><span lang=\"ES-TRAD\">La primera etapa de esta edici\u00f3n saldr\u00e1 desde Santo Domingo, hasta llegar a San Crist\u00f3bal- Ban\u00ed y arribar\u00e1 a San Jos\u00e9 de Ocoa. El recorrido ser\u00e1 de 120 kil\u00f3metros. El giro se celebrar\u00e1 desde el 25 de febrero hasta el tres de marzo.<\/span><\/p>\n<p><span lang=\"ES-TRAD\">Por a\u00f1os, uno de los cert\u00e1menes deportivos de mayor tradici\u00f3n y consistencia en el pa\u00eds que nuevamente est\u00e1 asignado en la categor\u00eda 2.2 avalado por la Uni\u00f3n Ciclista Internacional (UCI) y el mismo otorgar\u00e1 puntos para los Juegos Ol\u00edmpicos a celebrarse en Tokyo en el 2020.<\/span><\/p>\n<p><span lang=\"ES-DO\">Un giro atractivo, que conjuga lo competitivo con la trayectoria de la caravana por gran parte de los principales polos tur\u00edsticos del pa\u00eds, entre paisajes, playas, monta\u00f1as y toda la belleza ambiental que proporciona la Rep\u00fablica Dominicana estar\u00e1n colocadas a la vista de esa amplia legi\u00f3n de pedalistas extranjeros y directivos que actuar\u00e1n de manera activa en el evento.<\/span><\/p>\n<p><span lang=\"ES-DO\">Augusto S\u00e1nchez, del equipo Aero Cycling Team y campe\u00f3n por segunda vez del giro cicl\u00edstico estar\u00e1 defendiendo su liderato obtenido frente al amplio grupo de corredores que tambi\u00e9n iran tras el primer pelda\u00f1o. Precisamente su combinado de ACT se llev\u00f3 los principales palmares en las pruebas por equipos. Este a\u00f1o tendr\u00e1 24 otros aspirantes al trono en el aspecto colectivo.<\/span><\/p>\n<p><span lang=\"ES-TRAD\">Entre los planteles internacionales se destacan\u00a0<\/span><span lang=\"ES-DO\">Eda Evolution, las selecciones de\u00a0\u00a0Guadalupe, Sudamerica, Del Caribe, Centroamerica, Team Novo Nordisk, Essen CBT Cycling Team (Suiza), Cycling Team, Equipo Team Saitel entre otros.<\/span><\/p>\n<p><span lang=\"ES-DO\">Mientras que los Nacionales comprenden, Arcoiris, F\u00e9nix, Aero Cycling Team, Inteja DCT, Escuela Ciclismo Cibao, Asocipe (Moca), Asocisancris (San Crist\u00f3bal), Asociro (La Romana), Asodoci (New York), Construcciones F&amp;F,\u00a0\u00a0Escuela Ciclismo Cibao, Equipo GoodBike Drink2Go, estos tres \u00faltimos accionar\u00e1n por primera vez en el certamen.<\/span><\/p>\n<p><span lang=\"ES-TRAD\">Estos seleccionados buscar\u00e1n desde hoy subir al p\u00f3dium a recibir la corona como rey de la\u00a0<\/span><span lang=\"ES-TRAD\">Vuelta<\/span><span lang=\"ES-TRAD\">\u00a0<\/span><span lang=\"ES-TRAD\">Independencia 2019, y para tratar de lograrlo se han fortalecido sobremanera en busca de realizar un brillante desempe\u00f1o.<\/span><\/p>\n<p><span lang=\"ES-TRAD\">El ingeniero Jorge Blas D\u00edaz, presidente de la Federaci\u00f3n Dominicana de Ciclismo augura desde ya que el mismo ser\u00e1 exitoso, pues el comit\u00e9 ejecutivo de la entidad ha laborado de manera incansable durante varios meses para que la justa se desarrolle con toda la normalidad posible.<\/span><\/p>\n<p><span lang=\"ES-TRAD\">\u201cTenemos plena confianza de que el certamen se efectuar\u00e1 con m\u00ednimos contratiempos, nos hemos esforzados para que el mismo iguale o supere las anteriores ediciones\u201d, se\u00f1al\u00f3 Blas D\u00edaz sobre esta edici\u00f3n 40 que a su juicio representa un gran logro para la justa que se enmarca dentro de la celebraci\u00f3n de las efem\u00e9rides patrias en el pa\u00eds.<\/span><\/p>\n<p><span lang=\"ES-DO\">\u00a0<\/span><span lang=\"ES-TRAD\">La justa tendr\u00e1 una gran cobertura televisiva, radial y escrita, as\u00ed como las redes sociales, que a cada minuto estar\u00e1n brindando seguimiento al desarrollo de cada una de las etapas. COLIMDO Tv, canal del Comit\u00e9 Ol\u00edmpico Dominicano estar\u00e1 dando gran cobertura al evento por los canales 88 de Claro y 10 de Aster y Wind.<\/span><\/p>\n<p><span lang=\"ES-TRAD\">Rainer Nuhlen, veterano ser\u00e1 el comisario que tendr\u00e1 sobre sus hombros el desarrollo del evento, contar\u00e1 con el soporte de Schyns Pascale\u00a0\u00a0es la delegada UC, as\u00ed como Genaro Mercedes Luis, comisario de larga trayectoria en el ciclismo nacional e internacional, Ferm\u00edn Trueba ser\u00e1 el encargado de los ship que portar\u00e1n los pedalistas. Ayer fue realizado el congresillo t\u00e9cnico y la presentaci\u00f3n oficial de los diferentes equipos.<\/span><\/p>\n<p><span lang=\"ES-TRAD\">En total, el giro comprender\u00e1 siete etapas y se correr\u00e1n de manera global unos 1,200 kil\u00f3metros. Entre las novedades a nivel de etapas est\u00e1n las llegadas en la fecha inaugural a San Jos\u00e9 de Ocoa, as\u00ed como a Monte Plata en la cuarta jornada. Este a\u00f1o, el cierre ser\u00e1 un circuito a efectuarse en la avenida Circunvalaci\u00f3n, de Santiago.<\/span><\/p>\n<p><span lang=\"ES-TRAD\">Como cada a\u00f1o, el certamen ser\u00e1 estrictamente supervisado por la Polic\u00eda Nacional, Digeset. La alimentaci\u00f3n estar\u00e1 a cargo de los Comedores Econ\u00f3micos del Estado Dominicano. Los pedalistas estar\u00e1n alojados en el Albergue Ol\u00edmpico.<\/span><\/p>\n","protected":false},"excerpt":{"rendered":"<p>El giro comenzar\u00e1 con una ruta hacia San Jos\u00e9 de Ocoa, a partir de las 9:00 de la ma\u00f1ana evento al cual se ha invitado al periodista H\u00e9ctor J. Cruz para dar el \u00a0banderazo de honor.<\/p>\n","protected":false},"author":16,"featured_media":49182,"comment_status":"closed","ping_status":"closed","sticky":false,"template":"","format":"standard","meta":[],"categories":[2,60],"tags":[],"acf":[],"_links":{"self":[{"href":"https:\/\/colimdo.org\/wp-api\/wp\/v2\/posts\/49181"}],"collection":[{"href":"https:\/\/colimdo.org\/wp-api\/wp\/v2\/posts"}],"about":[{"href":"https:\/\/colimdo.org\/wp-api\/wp\/v2\/types\/post"}],"author":[{"embeddable":true,"href":"https:\/\/colimdo.org\/wp-api\/wp\/v2\/users\/16"}],"replies":[{"embeddable":true,"href":"https:\/\/colimdo.org\/wp-api\/wp\/v2\/comments?post=49181"}],"version-history":[{"count":3,"href":"https:\/\/colimdo.org\/wp-api\/wp\/v2\/posts\/49181\/revisions"}],"predecessor-version":[{"id":49185,"href":"https:\/\/colimdo.org\/wp-api\/wp\/v2\/posts\/49181\/revisions\/49185"}],"wp:featuredmedia":[{"embeddable":true,"href":"https:\/\/colimdo.org\/wp-api\/wp\/v2\/media\/49182"}],"wp:attachment":[{"href":"https:\/\/colimdo.org\/wp-api\/wp\/v2\/media?parent=49181"}],"wp:term":[{"taxonomy":"category","embeddable":true,"href":"https:\/\/colimdo.org\/wp-api\/wp\/v2\/categories?post=49181"},{"taxonomy":"post_tag","embeddable":true,"href":"https:\/\/colimdo.org\/wp-api\/wp\/v2\/tags?post=49181"}],"curies":[{"name":"wp","href":"https:\/\/api.w.org\/{rel}","templated":true}]}}