{"id":49188,"date":"2019-02-24T18:43:15","date_gmt":"2019-02-24T18:43:15","guid":{"rendered":"https:\/\/colimdo.org\/?p=49188"},"modified":"2019-02-24T18:43:45","modified_gmt":"2019-02-24T18:43:45","slug":"miguel-camacho-rd-estara-bien-representada-clasificatorio-panamericano-taekwondo","status":"publish","type":"post","link":"https:\/\/colimdo.org\/noticias\/miguel-camacho-rd-estara-bien-representada-clasificatorio-panamericano-taekwondo\/","title":{"rendered":"Miguel Camacho: \u201cRD estar\u00e1 bien representada en Clasificatorio Panamericano\u201d"},"content":{"rendered":"<p><span lang=\"ES-CO\">Santo Domingo. La Rep\u00fablica Dominicana ser\u00e1 sede del Campeonato Clasificatorio de Taekwondo a celebrarse del 7 al 10 de marzo pr\u00f3ximo en Santo Domingo, en ruta a los Juegos Panamericanos de Lima 2019, \u00a0reto para el cual el entrenador de la \u00a0selecci\u00f3n nacional, Miguel Camacho, asegura que sus atletas\u00a0\u00a0estar\u00e1n listos para poner en alto el nombre del pa\u00eds.<\/span><\/p>\n<p><span lang=\"ES-CO\">\u201cHabr\u00e1 muchos competidores buenos, de nivel panamericano, mundial y ol\u00edmpico. El nivel es muy alto y esperamos estar a la altura y estoy muy confiado de que esa ser\u00e1 la situaci\u00f3n\u201d, dijo Camacho sobre la calidad de los competidores que participar\u00e1n en el evento, que tendr\u00e1 como sede \u00a0el Palacio del Voleibol de Santo Domingo y en el que se disputar\u00e1n 188 plazas para Lima.<\/span><\/p>\n<p><span lang=\"ES-CO\">El seleccionado de combate que representar\u00e1 al pa\u00eds en el certamen lo componen: Edward Espinosa (-54 kilogramos), Bernardo Pie (-68), Mois\u00e9s Hern\u00e1ndez (-80) y Fraily Mora (+80) en el equipo masculino, mientras en el femenino estar\u00e1n,\u00a0\u00a0Franny Pe\u00f1a (-49), G\u00e9nesis And\u00fajar (-54), Madelin Rodr\u00edguez (-67) y Katherine Rodr\u00edguez (+67).<\/span><\/p>\n<p><span lang=\"ES-CO\">\u201cEstamos en la \u00faltima etapa de preparaci\u00f3n, trabajando t\u00e9cnicas para el ataque y el contraataque. Estamos tratando cada d\u00eda de actualizarnos para mantener los est\u00e1ndares m\u00e1s altos de rendimiento en los eventos, es decir, que permanentemente estamos actualizando nuestro repertorio\u201d, revel\u00f3 Camacho sobre los m\u00e9todos utilizados para mantener al seleccionado en las mejores condiciones\u00a0\u00a0para el clasificatorio, en el cual competir\u00e1n atletas de 42 pa\u00edses.<\/span><\/p>\n<p><span lang=\"ES-CO\">El entrenador del equipo nacional es consciente de que los rivales que tendr\u00e1n los dominicanos \u00a0son de gran calidad, pero conf\u00eda en la capacidad de cada uno de sus atletas, los cuales han pasado por un exhaustivo programa de evaluaci\u00f3n y preparaci\u00f3n, la cual le brinda esa seguridad que expresa.<\/span><\/p>\n<p><span lang=\"ES-CO\">\u201cPara seleccionar a los atletas que nos van a representar, hacemos una evaluaci\u00f3n completa, no solo de los topes que se dan y de los cuales en un momento determinado pueden dar un resultado, sino una evaluaci\u00f3n d\u00eda a d\u00eda, de cada una de las secciones de entrenamientos, como tambi\u00e9n el compromiso y la entrega de cada uno de los muchachos\u201d, expuso Camacho.<\/span><\/p>\n<p><span lang=\"ES-CO\">Para los Juegos Panamericanos de Toronto en el 2015, el pa\u00eds clasific\u00f3 un total de seis atletas y aunque Camacho entiende que cada uno de estos atletas cuenta con lo necesario para alcanzar el pase al principal evento multideportivo del continente, la meta ser\u00eda igualar dicha participaci\u00f3n en cuanto a cantidad.<\/span><\/p>\n<p><span lang=\"ES-CO\">\u201cEsperamos que cada uno de ellos pueda clasificar las categor\u00edas para el pa\u00eds, tenemos amplias posibilidades de clasificar m\u00e1s de los seis, pero siempre pongo el m\u00ednimo\u201d, subray\u00f3 el entrenador.<\/span><\/p>\n<p><b><span lang=\"ES-CO\">Una motivaci\u00f3n competir en RD<\/span><\/b><b><\/b><\/p>\n<p><span lang=\"ES-CO\">En este Campeonato Clasificatorio de Taekwondo, el p\u00fablico dominicano podr\u00e1 disfrutar de sus estrellas y respaldarlos, algo que en ocasiones suele poner presi\u00f3n a los atletas, pero para el entrenador Miguel Camacho, esto ser\u00e1 un incentivo para que den lo mejor de ellos en la competencia.<\/span><\/p>\n<p><span lang=\"ES-CO\">\u201cEs una fuente de motivaci\u00f3n y no tengo ninguna preocupaci\u00f3n de que pueda ser negativo. Estoy esperanzado de que eso nos ayude a tener un buen desempe\u00f1o\u201d, concluy\u00f3 Camacho.<\/span><\/p>\n<p class=\"x_MsoNormal\">\n","protected":false},"excerpt":{"rendered":"<p>El seleccionado de combate que representar\u00e1 al pa\u00eds en el certamen lo componen: Edward Espinosa (-54 kilogramos), Bernardo Pie (-68), Mois\u00e9s Hern\u00e1ndez (-80) y Fraily Mora (+80) en el equipo masculino, mientras en el femenino estar\u00e1n,\u00a0\u00a0Franny Pe\u00f1a (-49), G\u00e9nesis And\u00fajar (-54), Madelin Rodr\u00edguez (-67) y Katherine Rodr\u00edguez (+67).<\/p>\n","protected":false},"author":16,"featured_media":49189,"comment_status":"closed","ping_status":"closed","sticky":false,"template":"","format":"standard","meta":[],"categories":[2,60],"tags":[],"acf":[],"_links":{"self":[{"href":"https:\/\/colimdo.org\/wp-api\/wp\/v2\/posts\/49188"}],"collection":[{"href":"https:\/\/colimdo.org\/wp-api\/wp\/v2\/posts"}],"about":[{"href":"https:\/\/colimdo.org\/wp-api\/wp\/v2\/types\/post"}],"author":[{"embeddable":true,"href":"https:\/\/colimdo.org\/wp-api\/wp\/v2\/users\/16"}],"replies":[{"embeddable":true,"href":"https:\/\/colimdo.org\/wp-api\/wp\/v2\/comments?post=49188"}],"version-history":[{"count":2,"href":"https:\/\/colimdo.org\/wp-api\/wp\/v2\/posts\/49188\/revisions"}],"predecessor-version":[{"id":49191,"href":"https:\/\/colimdo.org\/wp-api\/wp\/v2\/posts\/49188\/revisions\/49191"}],"wp:featuredmedia":[{"embeddable":true,"href":"https:\/\/colimdo.org\/wp-api\/wp\/v2\/media\/49189"}],"wp:attachment":[{"href":"https:\/\/colimdo.org\/wp-api\/wp\/v2\/media?parent=49188"}],"wp:term":[{"taxonomy":"category","embeddable":true,"href":"https:\/\/colimdo.org\/wp-api\/wp\/v2\/categories?post=49188"},{"taxonomy":"post_tag","embeddable":true,"href":"https:\/\/colimdo.org\/wp-api\/wp\/v2\/tags?post=49188"}],"curies":[{"name":"wp","href":"https:\/\/api.w.org\/{rel}","templated":true}]}}