{"id":49195,"date":"2019-02-24T20:08:00","date_gmt":"2019-02-24T20:08:00","guid":{"rendered":"https:\/\/colimdo.org\/?p=49195"},"modified":"2019-02-24T20:08:00","modified_gmt":"2019-02-24T20:08:00","slug":"fedota-da-apertura-campamento-internacional-panamericano-arqueria","status":"publish","type":"post","link":"https:\/\/colimdo.org\/noticias\/fedota-da-apertura-campamento-internacional-panamericano-arqueria\/","title":{"rendered":"Fedota da apertura a Campamento Internacional Panamericano Arquer\u00eda"},"content":{"rendered":"<p><b><span lang=\"ES-TRAD\">SANTO DOMINGO<\/span><\/b><span lang=\"ES-TRAD\">.\u00a0Con el apoyo de Panam Sport, antigua Organizaci\u00f3nDeportiva Panamericana\u00a0 (<\/span><span lang=\"ES-TRAD\">Odepa), la Federaci\u00f3n Dominicana de Tiro con Arco (Fedota) dio apertura al Campamento Internacional Panamericano de Arquer\u00eda que se extender\u00e1 hasta el 3 de marzo\u00a0 hpr\u00f3ximo.<\/span><\/p>\n<p><span lang=\"ES-TRAD\">El presidente de la Fedota, Jos\u00e9 Miguel Robiou, manifest\u00f3 que el Campamento Panamericano de Arquer\u00eda es una gran oportunidad para que los entrenadores y atletas puedancrecer en el aspecto t\u00e9cnico.<\/span><\/p>\n<p><span lang=\"ES-TRAD\">En el Campamento Internacional, inaugurado este domingo en el sal\u00f3n de reuniones del Albergue Ol\u00edmpico, toman parte atletas y entrenadores de arquer\u00eda de 11 pa\u00edses.<\/span><\/p>\n<p><span lang=\"ES-TRAD\">\u201cEste campamento tiene la finalidad de preparar a atletas y entrenadores que estar\u00e1n presente en los Juegos Panamericanos que se celebrar\u00e1n este a\u00f1o en Lima, Per\u00f9\u201d, revel\u00f3\u00a0Robiou, quien agreg\u00f3: \u201cQueremos agradecer a Panam Sports por escoger a la Rep\u00fablica Dominicana como sede para este campamento, el cual servir\u00e1 para mejorar las t\u00e9cnicas de nuestros atletas y entrenadores\u201d.<\/span><\/p>\n<p><span lang=\"ES-TRAD\">El campamento estar\u00e1 dirigido por el experto estadounidense Richard Tone, quien desglosar\u00e1 todos los aspectos t\u00e9cnicos de preparaci\u00f3n deportiva sobre la arquer\u00eda.<\/span><\/p>\n<p><span lang=\"ES-TRAD\">Mientras, el presidente del Comit\u00e9 Ol\u00edmpico Dominicano (COD), licenciado Luis Mej\u00eda, destac\u00f3 la labor y el inter\u00e9s de Panam Sport de capacitar a los protagonistas deportivos.<\/span><\/p>\n<p><span lang=\"ES-TRAD\">\u201cEs un compromiso que deben asumir atletas y entrenadores para que el deporte del tiro con arco siga creciendo\u201d, dijo Mej\u00eda, quien adem\u00e1s cit\u00f3 las facilidades que ofrece\u00a0el Albergue Ol\u00edmpico.<\/span><\/p>\n<p><span lang=\"ES-TRAD\">El Campamento Internacional de Tiro con Arco contar\u00e1 de una parte te\u00f3rico, que se impartir\u00e1 cada d\u00eda en el Albergue Ol\u00edmpico de 9:00 de la ma\u00f1ana a 12:00 del mediod\u00eda,\u00a0mientras que la pr\u00e1ctica tendr\u00e1 lugar en el Campo de Arquer\u00eda del Parque del Este en horario de\u00a02:00 a 6:00 de la tarde.<\/span><\/p>\n<p><span lang=\"ES-TRAD\">En la breve ceremonia de apertura estuvieron adem\u00e1s Gilberto Garc\u00eda, secretario general del COD; Jos\u00e9 Luis Ram\u00edrez, tesorero del COD, y Garibaldy Bautista, entre otros.<\/span><\/p>\n<p><span lang=\"ES-TRAD\">El encuentro re\u00fane a representantes de Chile, Ecuador, El Salvador, Paraguay, Per\u00fa, Guatemala, Barbados, Trinidad &amp; Tobago, Cuba y Rep\u00fablica Dominicana.<\/span><\/p>\n","protected":false},"excerpt":{"rendered":"<p>El presidente de la Fedota, Jos\u00e9 Miguel Robiou, manifest\u00f3 que el Campamento Panamericano de Arquer\u00eda es una gran oportunidad para que los entrenadores y atletas puedancrecer en el aspecto t\u00e9cnico.<\/p>\n","protected":false},"author":16,"featured_media":49196,"comment_status":"closed","ping_status":"closed","sticky":false,"template":"","format":"standard","meta":[],"categories":[2,60],"tags":[],"acf":[],"_links":{"self":[{"href":"https:\/\/colimdo.org\/wp-api\/wp\/v2\/posts\/49195"}],"collection":[{"href":"https:\/\/colimdo.org\/wp-api\/wp\/v2\/posts"}],"about":[{"href":"https:\/\/colimdo.org\/wp-api\/wp\/v2\/types\/post"}],"author":[{"embeddable":true,"href":"https:\/\/colimdo.org\/wp-api\/wp\/v2\/users\/16"}],"replies":[{"embeddable":true,"href":"https:\/\/colimdo.org\/wp-api\/wp\/v2\/comments?post=49195"}],"version-history":[{"count":1,"href":"https:\/\/colimdo.org\/wp-api\/wp\/v2\/posts\/49195\/revisions"}],"predecessor-version":[{"id":49197,"href":"https:\/\/colimdo.org\/wp-api\/wp\/v2\/posts\/49195\/revisions\/49197"}],"wp:featuredmedia":[{"embeddable":true,"href":"https:\/\/colimdo.org\/wp-api\/wp\/v2\/media\/49196"}],"wp:attachment":[{"href":"https:\/\/colimdo.org\/wp-api\/wp\/v2\/media?parent=49195"}],"wp:term":[{"taxonomy":"category","embeddable":true,"href":"https:\/\/colimdo.org\/wp-api\/wp\/v2\/categories?post=49195"},{"taxonomy":"post_tag","embeddable":true,"href":"https:\/\/colimdo.org\/wp-api\/wp\/v2\/tags?post=49195"}],"curies":[{"name":"wp","href":"https:\/\/api.w.org\/{rel}","templated":true}]}}