{"id":49205,"date":"2019-02-24T23:04:00","date_gmt":"2019-02-24T23:04:00","guid":{"rendered":"https:\/\/colimdo.org\/?p=49205"},"modified":"2019-02-24T23:08:10","modified_gmt":"2019-02-24T23:08:10","slug":"alex-cora-reta-rafael-devers-seguir-ejemplo-miguel-andujar","status":"publish","type":"post","link":"https:\/\/colimdo.org\/noticias\/alex-cora-reta-rafael-devers-seguir-ejemplo-miguel-andujar\/","title":{"rendered":"Alex Cora reta a Rafael Devers a seguir ejemplo de Miguel And\u00fajar"},"content":{"rendered":"<p>FORT MYERS, Florida &#8212; Para recordar lo que quiere Boston de \u00e9l este a\u00f1o, Rafael Devers solo tiene que ver a su coterr\u00e1neo y tercera base de los Yankees, Miguel And\u00fajar, a quien enfrent\u00f3 este s\u00e1bado, en el primer duelo de los Entrenamientos Primaverales.<\/p>\n<p>En m\u00e1s de una ocasi\u00f3n, el manager puertorrique\u00f1o de los Medias Rojas, Alex Cora, ret\u00f3 a Devers a ser m\u00e1s como And\u00fajar, quien termin\u00f3 de segundo en la votaci\u00f3n para el premio Novato del A\u00f1o de la Liga Americana en el 2018.<\/p>\n<p>Puede parecer como un reto para el dominicano de 22 a\u00f1os, que comienza su segunda campa\u00f1a completa, pero Devers est\u00e1 listo para el reto que le impuso su manager.<\/p>\n<p>&#8220;S\u00ed, puedo hacerlo&#8221;, dijo Devers sobre ser la versi\u00f3n de And\u00fajar en Boston. &#8220;Creo que puedo hacerlo, el a\u00f1o pasado no tuve la mejor temporada, aunque tampoco fue tan mala. S\u00e9 que puedo hacer muchas cosas buenas&#8221;.<\/p>\n<p>And\u00fajar es un a\u00f1o y medio mayor que Devers. Ambos fueron en su momento cotizados prospectos dominicanos, y ahora pudieran estar protagonizando una buena rivalidad en los pr\u00f3ximos a\u00f1os.<\/p>\n<p>&#8220;S\u00ed, es un gran jugador y atleta&#8221;, dijo Devers sobre And\u00fajar, antes de irse de 3-2 en la victoria de Boston 8-5 el s\u00e1bado ante los Yankees. &#8220;Tuve la oportunidad de jugar con \u00e9l en un par de ocasiones en las ligas menores. Es una buena persona&#8221;.<\/p>\n<p>Para entender un poco el tama\u00f1o del reto de Cora a Devers, And\u00fajar promedi\u00f3 una l\u00ednea de bateo de .297\/.328\/.527 con 27 jonrones y 92 carreras impulsadas en 149 juegos y 573 turnos al bate.<\/p>\n<p>Devers particip\u00f3 en 121 juegos, tuvo 450 turnos y promedi\u00f3 .240\/.298\/.433 con 21 bambinazos y 66 remolcadas.<\/p>\n<p>Para acortar la distancia entre ambos quisqueyanos, Devers tuvo una temporada muerta enfocada en un r\u00e9gimen de acondicionamiento con una dieta mejorada. Cuando lleg\u00f3 temprano a los Entrenamientos Primaverales, fue notable la mejor\u00eda en su condici\u00f3n f\u00edsica, en comparaci\u00f3n al a\u00f1o pasado.<\/p>\n<p>&#8220;Luce bien f\u00edsicamente. Finalmente&#8221;, dijo Cora. &#8220;No estaba tan fuera de forma, pero le cost\u00f3 un tiempo encontrar el ritmo. Primero el aspecto del b\u00e9isbol y luego el f\u00edsico. Ahora est\u00e1 en un programa regular. Puede trabajar ahora en su defensa y ofensiva. No tiene que hacer algo especial para entrar en forma&#8221;.<\/p>\n<p>Para una alineaci\u00f3n que ya contiene a Mookie Betts, J.D. Mart\u00ednez, Andrew Benintendi y Xander Bogaerts, la adici\u00f3n de Devers, de una manera constante en vez de espor\u00e1dica, ser\u00eda de vital importancia.<\/p>\n<p>&#8220;Si el chico hace lo que hizo And\u00fajar el a\u00f1o pasado con los Yankees, estar\u00edamos mucho mejor posicionados a la ofensiva&#8221;, dijo Cora. &#8220;And\u00fajar tuvo una temporada fant\u00e1stica. Ayud\u00f3 mucho a los Yankees, y esperamos que nuestro chico de 22 a\u00f1os pueda repetir lo que hizo en septiembre y octubre&#8221;.<\/p>\n<p>Tras una rehabilitaci\u00f3n por las menores entre finales de agosto y principios de septiembre, que dur\u00f3 m\u00e1s de lo que se necesitaba en un principio (tal vez como estrategia de Boston), Devers comenz\u00f3 a tomar el ritmo.<\/p>\n<p>Devers tuvo sus momentos en octubre, incluyendo un jonr\u00f3n de tres carreras ante Justin Verlander en el Juego 5 de la Serie de Campeonato de la Liga Americana, con el que ayud\u00f3 a Boston a asegurar el pase a la Serie Mundial.<\/p>\n<p>De vez en cuando, Devers revisa el video de dicho cuadrangular.<\/p>\n<p>&#8220;Todo. Recuerdo todo. Fue un gran momento, especialmente porque fue en la postemporada. Incluso si hubiese sido un sencillo o un doble, el hecho de haber podido ayudar a mi equipo, fue especial&#8221;, dijo Devers.<\/p>\n<p>La pregunta que Devers tendr\u00e1 que responder en las siguientes semanas, es si podr\u00e1 batear en el orden al bate en que lo ponga Cora. Puede ser entre el tercero y s\u00e9ptimo turno, dependiendo de lo que demuestre con el madero.<\/p>\n<p>&#8220;Si hace swing de la manera en la que puede hacerlo, no me sorprender\u00eda si termina bateando en la parte alta de la alineaci\u00f3n, o incluso detr\u00e1s de Xander. Lo motivaremos&#8221;. Dijo Cora. &#8220;Voy a hacerlo. Pero no me confundan, tampoco es que tuvo una temporada terrible. Jug\u00f3 a ese nivel con 21 a\u00f1os y con un equipo hist\u00f3rico. Hizo un buen trabajo, pero queremos ver m\u00e1s y \u00e9l lo sabe&#8221;.<\/p>\n","protected":false},"excerpt":{"rendered":"<p>FORT MYERS, Florida &#8212; Para recordar lo que quiere Boston de \u00e9l este a\u00f1o, Rafael Devers solo tiene que ver a su coterr\u00e1neo y tercera base de los Yankees, Miguel And\u00fajar, a quien enfrent\u00f3 este s\u00e1bado, en el primer duelo de los Entrenamientos Primaverales. En m\u00e1s de una ocasi\u00f3n, el manager puertorrique\u00f1o de los Medias [&hellip;]<\/p>\n","protected":false},"author":16,"featured_media":49208,"comment_status":"closed","ping_status":"closed","sticky":false,"template":"","format":"standard","meta":[],"categories":[2,60],"tags":[],"acf":[],"_links":{"self":[{"href":"https:\/\/colimdo.org\/wp-api\/wp\/v2\/posts\/49205"}],"collection":[{"href":"https:\/\/colimdo.org\/wp-api\/wp\/v2\/posts"}],"about":[{"href":"https:\/\/colimdo.org\/wp-api\/wp\/v2\/types\/post"}],"author":[{"embeddable":true,"href":"https:\/\/colimdo.org\/wp-api\/wp\/v2\/users\/16"}],"replies":[{"embeddable":true,"href":"https:\/\/colimdo.org\/wp-api\/wp\/v2\/comments?post=49205"}],"version-history":[{"count":2,"href":"https:\/\/colimdo.org\/wp-api\/wp\/v2\/posts\/49205\/revisions"}],"predecessor-version":[{"id":49207,"href":"https:\/\/colimdo.org\/wp-api\/wp\/v2\/posts\/49205\/revisions\/49207"}],"wp:featuredmedia":[{"embeddable":true,"href":"https:\/\/colimdo.org\/wp-api\/wp\/v2\/media\/49208"}],"wp:attachment":[{"href":"https:\/\/colimdo.org\/wp-api\/wp\/v2\/media?parent=49205"}],"wp:term":[{"taxonomy":"category","embeddable":true,"href":"https:\/\/colimdo.org\/wp-api\/wp\/v2\/categories?post=49205"},{"taxonomy":"post_tag","embeddable":true,"href":"https:\/\/colimdo.org\/wp-api\/wp\/v2\/tags?post=49205"}],"curies":[{"name":"wp","href":"https:\/\/api.w.org\/{rel}","templated":true}]}}