{"id":49211,"date":"2019-02-24T23:28:25","date_gmt":"2019-02-24T23:28:25","guid":{"rendered":"https:\/\/colimdo.org\/?p=49211"},"modified":"2019-02-24T23:28:49","modified_gmt":"2019-02-24T23:28:49","slug":"viejas-glorias-haran-torneo-independencia-verano","status":"publish","type":"post","link":"https:\/\/colimdo.org\/noticias\/viejas-glorias-haran-torneo-independencia-verano\/","title":{"rendered":"Viejas Glorias del B\u00e9isbol har\u00e1n torneo Independencia y de Verano"},"content":{"rendered":"<p>SANTO DOMINGO.- El Comit\u00e9 Permanente de Viejas Glorias del B\u00e9isbol Dominicano, presidido por Bienvenido Montero, pondr\u00e1 en marcha los tradicionales Torneos Copa Independencia Nacional, en su versi\u00f3n 29 y de Verano, en su edici\u00f3n 19, correspondientes al a\u00f1o 2019.<\/p>\n<p>El acto inaugural est\u00e1 pautado para el mi\u00e9rcoles 27 de febrero, teniendo como escenario el estadio N\u00famero 2 del Centro Ol\u00edmpico Juan Pablo Duarte, desde las 9:30 de la ma\u00f1ana.<\/p>\n<p>El torneo de Verano contar\u00e1 con la participaci\u00f3n de 12 equipos, mientras 18 participar\u00e1n en el Copa Independencia Nacional.<\/p>\n<p>Cuatro prominentes m\u00e9dicos, un viceministro de Agricultura y un propulsor del b\u00e9isbol, ser\u00e1n homenajeados con la dedicatoria a su persona de dichos torneos, como reconocimiento a sus magn\u00edficos aportes, a favor del pueblo dominicano, incluyendo el deporte.<\/p>\n<p>El Torneo Copa independencia Nacional, ser\u00e1 celebrado en honor a los doctores, Cesar Mella (Psiquiatra), Oscar Cabrera Mart\u00ednez (Cardi\u00f3logo) y Aldo Russo Fern\u00e1ndez (Gastroenter\u00f3logo) e Inmortal del deporte de su Provincia Ol\u00edmpica de la Vega.<\/p>\n<p>Mientras el Torneo de Verano ser\u00e1 celebrado en honor al Doctor Tirso Roa Castillo, (Cardi\u00f3logo) y Director de la Fundaci\u00f3n Nacional de Cardiolog\u00eda, al Ingeniero \u00a0Juan Geovanny Arias P\u00e9rez Viceministro de Agricultura y Pedro Henr\u00edquez (Ojito), propulsor del b\u00e9isbol.<\/p>\n<p>El director t\u00e9cnico, Santos Cuevas Valent\u00edn afirm\u00f3 que todo est\u00e1 listo para el \u00e9xito de la justa y que espera el apoyo del Ministerio de Deporte y Recreaci\u00f3n.<\/p>\n","protected":false},"excerpt":{"rendered":"<p>El acto inaugural est\u00e1 pautado para el mi\u00e9rcoles 27 de febrero, teniendo como escenario el estadio N\u00famero 2 del Centro Ol\u00edmpico Juan Pablo Duarte, desde las 9:30 de la ma\u00f1ana.<\/p>\n","protected":false},"author":16,"featured_media":49213,"comment_status":"closed","ping_status":"closed","sticky":false,"template":"","format":"standard","meta":[],"categories":[2,60],"tags":[],"acf":[],"_links":{"self":[{"href":"https:\/\/colimdo.org\/wp-api\/wp\/v2\/posts\/49211"}],"collection":[{"href":"https:\/\/colimdo.org\/wp-api\/wp\/v2\/posts"}],"about":[{"href":"https:\/\/colimdo.org\/wp-api\/wp\/v2\/types\/post"}],"author":[{"embeddable":true,"href":"https:\/\/colimdo.org\/wp-api\/wp\/v2\/users\/16"}],"replies":[{"embeddable":true,"href":"https:\/\/colimdo.org\/wp-api\/wp\/v2\/comments?post=49211"}],"version-history":[{"count":2,"href":"https:\/\/colimdo.org\/wp-api\/wp\/v2\/posts\/49211\/revisions"}],"predecessor-version":[{"id":49215,"href":"https:\/\/colimdo.org\/wp-api\/wp\/v2\/posts\/49211\/revisions\/49215"}],"wp:featuredmedia":[{"embeddable":true,"href":"https:\/\/colimdo.org\/wp-api\/wp\/v2\/media\/49213"}],"wp:attachment":[{"href":"https:\/\/colimdo.org\/wp-api\/wp\/v2\/media?parent=49211"}],"wp:term":[{"taxonomy":"category","embeddable":true,"href":"https:\/\/colimdo.org\/wp-api\/wp\/v2\/categories?post=49211"},{"taxonomy":"post_tag","embeddable":true,"href":"https:\/\/colimdo.org\/wp-api\/wp\/v2\/tags?post=49211"}],"curies":[{"name":"wp","href":"https:\/\/api.w.org\/{rel}","templated":true}]}}