{"id":49219,"date":"2019-02-24T23:45:22","date_gmt":"2019-02-24T23:45:22","guid":{"rendered":"https:\/\/colimdo.org\/?p=49219"},"modified":"2019-02-24T23:45:22","modified_gmt":"2019-02-24T23:45:22","slug":"juan-francisco-puello-herrera-favorece-serie-del-caribe-seis-equipos","status":"publish","type":"post","link":"https:\/\/colimdo.org\/noticias\/juan-francisco-puello-herrera-favorece-serie-del-caribe-seis-equipos\/","title":{"rendered":"Juan Francisco Puello Herrera favorece Serie del Caribe con seis equipos"},"content":{"rendered":"<p>SANTO DOMINGO.- El Comisionado de B\u00e9isbol del Caribe, el dominicano Juan Francisco Puello Herrera, manifest\u00f3 aqu\u00ed que favorece la celebraci\u00f3n de la Serie del Caribe de B\u00e9isbol con seis equipos, a partir del a\u00f1o pr\u00f3ximo, en Puerto Rico.<\/p>\n<p>De aprobarse la medida, en una pr\u00f3xima reuni\u00f3n del organismo que rige el certamen, la Confederaci\u00f3n de B\u00e9isbol del Caribe, ser\u00eda una continuaci\u00f3n de la implementaci\u00f3n que forzosamente hubo de hacerse para el cl\u00e1sico del 2019, en el cual fue insertado un equipo representativo de Panam\u00e1.<\/p>\n<p>El peque\u00f1o pa\u00eds centroamericano fue la sede de la justa, cuando apenas a cinco d\u00edas de su inicio le fue otorgada esa responsabilidad, en lugar de Venezuela, debido a la situaci\u00f3n de incertidumbre institucional que vive ese pa\u00eds, todav\u00eda hoy.<\/p>\n<p>Puello, entrevistado en el programa Deportes Entre Nosotros, coment\u00f3 que Puerto Rico ser\u00e1 la sede de la Serie del Caribe 2019, y que la participaci\u00f3n de un equipo de Cuba en la misma depender\u00e1 de la aprobaci\u00f3n de los Estados Unidos, en raz\u00f3n de la situaci\u00f3n generada por la actitud del pa\u00eds de Norteam\u00e9rica respecto a la naci\u00f3n caribe\u00f1a, con la cual tiene prohibido a sus instituciones que tengan relaciones comerciales de cualquier tipo.<\/p>\n<p>Sobre el particular, Puello Herrera record\u00f3 que la Confederaci\u00f3n de B\u00e9isbol del Caribe, de la cual Cuba no forma parte, tiene nexos con la entidad que es la propietaria del b\u00e9isbol de Grandes Ligas, Major League Baseball, conocida por sus iniciales en ingl\u00e9s MLB.<\/p>\n<p>Cuba participa en la Serie del Caribe en calidad de invitado. Por lo cual no tiene derecho a los beneficios comerciales de la misma.<\/p>\n<p>Puello Herrera apunt\u00f3 que en caso de Cuba no poder acudir a la cita de Puerto Rico, en el 2020, el ejecutivo del b\u00e9isbol caribe\u00f1o sostuvo que \u00e9l tiene una idea de c\u00f3mo de todas maneras participar\u00edan seis equipos, como ocurri\u00f3 por primera vez en el 2019, con Cuba y Panam\u00e1 como invitados.<\/p>\n<p><strong>SITUACI\u00d3N DE PANAM\u00c1<\/strong><\/p>\n<p>Respecto a la representaci\u00f3n de Panam\u00e1, ganadora de la contienda de este a\u00f1o, en su suelo, Puello Herrera explic\u00f3 que existe un acuerdo preliminar, pendiente a ser revisado en marzo venidero, para que ese pa\u00eds se dispute su participaci\u00f3n en el Cl\u00e1sico de Febrero, con Nicaragua y Colombia. Cada una de esas naciones estar\u00eda representada por el equipo campe\u00f3n de su torneo, en una serie que tendr\u00eda por nombre Serie Latinoamericana.<\/p>\n<p>El equipo campe\u00f3n de esa \u00faltima serie, asistir\u00eda a la del Caribe y ser\u00eda un sexto participante, como invitado, en caso que Cuba permanezca como invitado tambi\u00e9n.<\/p>\n","protected":false},"excerpt":{"rendered":"<p>De aprobarse la medida, en una pr\u00f3xima reuni\u00f3n del organismo que rige el certamen, la Confederaci\u00f3n de B\u00e9isbol del Caribe, ser\u00eda una continuaci\u00f3n de la implementaci\u00f3n que forzosamente hubo de hacerse para el cl\u00e1sico del 2019, en el cual fue insertado un equipo representativo de Panam\u00e1.<\/p>\n","protected":false},"author":16,"featured_media":49220,"comment_status":"closed","ping_status":"closed","sticky":false,"template":"","format":"standard","meta":[],"categories":[2,60],"tags":[],"acf":[],"_links":{"self":[{"href":"https:\/\/colimdo.org\/wp-api\/wp\/v2\/posts\/49219"}],"collection":[{"href":"https:\/\/colimdo.org\/wp-api\/wp\/v2\/posts"}],"about":[{"href":"https:\/\/colimdo.org\/wp-api\/wp\/v2\/types\/post"}],"author":[{"embeddable":true,"href":"https:\/\/colimdo.org\/wp-api\/wp\/v2\/users\/16"}],"replies":[{"embeddable":true,"href":"https:\/\/colimdo.org\/wp-api\/wp\/v2\/comments?post=49219"}],"version-history":[{"count":1,"href":"https:\/\/colimdo.org\/wp-api\/wp\/v2\/posts\/49219\/revisions"}],"predecessor-version":[{"id":49221,"href":"https:\/\/colimdo.org\/wp-api\/wp\/v2\/posts\/49219\/revisions\/49221"}],"wp:featuredmedia":[{"embeddable":true,"href":"https:\/\/colimdo.org\/wp-api\/wp\/v2\/media\/49220"}],"wp:attachment":[{"href":"https:\/\/colimdo.org\/wp-api\/wp\/v2\/media?parent=49219"}],"wp:term":[{"taxonomy":"category","embeddable":true,"href":"https:\/\/colimdo.org\/wp-api\/wp\/v2\/categories?post=49219"},{"taxonomy":"post_tag","embeddable":true,"href":"https:\/\/colimdo.org\/wp-api\/wp\/v2\/tags?post=49219"}],"curies":[{"name":"wp","href":"https:\/\/api.w.org\/{rel}","templated":true}]}}