{"id":49260,"date":"2019-02-25T20:45:57","date_gmt":"2019-02-25T20:45:57","guid":{"rendered":"https:\/\/colimdo.org\/?p=49260"},"modified":"2019-02-25T20:49:22","modified_gmt":"2019-02-25T20:49:22","slug":"designan-ecker-sanchez-director-tecnico-la-seleccion-nacional-futbol-u-17","status":"publish","type":"post","link":"https:\/\/colimdo.org\/noticias\/designan-ecker-sanchez-director-tecnico-la-seleccion-nacional-futbol-u-17\/","title":{"rendered":"Designan a Ecker S\u00e1nchez director t\u00e9cnico de la Selecci\u00f3n Nacional de F\u00fatbol U-17"},"content":{"rendered":"<p class=\"x_MsoNormal\"><span lang=\"ES-DO\">SANTO DOMINGO.- La Federaci\u00f3n Dominicana de F\u00fatbol (Fedofutbol) anunci\u00f3 este lunes la designaci\u00f3n de Ecker S\u00e1nchez como Director T\u00e9cnico de la Selecci\u00f3n Nacional Sub 17.<\/span><\/p>\n<p class=\"x_MsoNormal\"><span lang=\"ES-DO\">La designaci\u00f3n de S\u00e1nchez fue informada por Jorge Allen Bauger, Director de Desarrollo de la Fedofutbol, mediante un comunicado de la Direcci\u00f3n de Prensa de ese organismo.<\/span><\/p>\n<p class=\"x_MsoNormal\"><span lang=\"ES-DO\">\u201cConfiamos en que Ecker (S\u00e1nchez) har\u00e1 un magn\u00edfico trabajo para lograr poner a punto la selecci\u00f3n\u201d, dijo Bauger, indicando que el equipo dominicano estar\u00e1 participando en las eliminatorias regionales que se realizar\u00e1n en Bradenton, Florida, del 1 al 9 de abril pr\u00f3ximo.<\/span><\/p>\n<p class=\"x_MsoNormal\"><span lang=\"ES-DO\">S\u00e1nchez es un ex miembro del seleccionado nacional y se le tiene como un calificado t\u00e9cnico que ha dirigido en la Liga Dominicana de F\u00fatbol (LDF) y en la actualidad es encargado del f\u00fatbol del Instituto Tecnol\u00f3gico Santo Domingo (Intec). Tambi\u00e9n es la persona responsable del f\u00fatbol del club Casa de Espa\u00f1a.<\/span><\/p>\n<p class=\"x_MsoNormal\"><span lang=\"ES-DO\">Adem\u00e1s, es un licenciado en Educaci\u00f3n F\u00edsica, egresado del ISFODOSU. Particip\u00f3 en el Congreso para Entrenadores de F\u00fatbol Vila Real, Espa\u00f1a, en 2016.<\/span><\/p>\n<p class=\"x_MsoNormal\"><span lang=\"ES-DO\">Asimismo, hizo el curso \u00c9lite de Entrenadores nivel FIFA (FEDOFUTBOL), tom\u00f3 parte en el seminario y desarrollo de entrenamientos de porteros Concacaf, en M\u00e9xico 2012.<\/span><\/p>\n<p class=\"x_MsoNormal\"><span lang=\"ES-DO\">En la actualidad se desempe\u00f1a tambi\u00e9n como miembro del cuerpo t\u00e9cnico del equipo nacional.<\/span><\/p>\n<p class=\"x_MsoNormal\"><span lang=\"ES-DO\">S\u00e1nchez es un t\u00e9cnico que gusta trabajar en equipo, din\u00e1mico, organizado y creativo.<\/span><\/p>\n<p class=\"x_MsoNormal\"><span lang=\"ES-DO\">Su designaci\u00f3n forma parte del proceso de reestructuraci\u00f3n de las diferentes instancias de la Fedofutbol.<\/span><\/p>\n<p class=\"x_MsoNormal\"><span lang=\"ES-DO\">\u00a0<\/span><\/p>\n","protected":false},"excerpt":{"rendered":"<p>La designaci\u00f3n de S\u00e1nchez fue informada por Jorge Allen Bauger, Director de Desarrollo de la Fedofutbol, mediante un comunicado de la Direcci\u00f3n de Prensa de ese organismo.<\/p>\n","protected":false},"author":16,"featured_media":49273,"comment_status":"closed","ping_status":"closed","sticky":false,"template":"","format":"standard","meta":[],"categories":[2,60],"tags":[],"acf":[],"_links":{"self":[{"href":"https:\/\/colimdo.org\/wp-api\/wp\/v2\/posts\/49260"}],"collection":[{"href":"https:\/\/colimdo.org\/wp-api\/wp\/v2\/posts"}],"about":[{"href":"https:\/\/colimdo.org\/wp-api\/wp\/v2\/types\/post"}],"author":[{"embeddable":true,"href":"https:\/\/colimdo.org\/wp-api\/wp\/v2\/users\/16"}],"replies":[{"embeddable":true,"href":"https:\/\/colimdo.org\/wp-api\/wp\/v2\/comments?post=49260"}],"version-history":[{"count":1,"href":"https:\/\/colimdo.org\/wp-api\/wp\/v2\/posts\/49260\/revisions"}],"predecessor-version":[{"id":49272,"href":"https:\/\/colimdo.org\/wp-api\/wp\/v2\/posts\/49260\/revisions\/49272"}],"wp:featuredmedia":[{"embeddable":true,"href":"https:\/\/colimdo.org\/wp-api\/wp\/v2\/media\/49273"}],"wp:attachment":[{"href":"https:\/\/colimdo.org\/wp-api\/wp\/v2\/media?parent=49260"}],"wp:term":[{"taxonomy":"category","embeddable":true,"href":"https:\/\/colimdo.org\/wp-api\/wp\/v2\/categories?post=49260"},{"taxonomy":"post_tag","embeddable":true,"href":"https:\/\/colimdo.org\/wp-api\/wp\/v2\/tags?post=49260"}],"curies":[{"name":"wp","href":"https:\/\/api.w.org\/{rel}","templated":true}]}}