{"id":49262,"date":"2019-02-25T20:33:03","date_gmt":"2019-02-25T20:33:03","guid":{"rendered":"https:\/\/colimdo.org\/?p=49262"},"modified":"2019-02-25T20:33:03","modified_gmt":"2019-02-25T20:33:03","slug":"neymar-se-conmueve-al-recordar-apoyo-tuvo-messi","status":"publish","type":"post","link":"https:\/\/colimdo.org\/noticias\/neymar-se-conmueve-al-recordar-apoyo-tuvo-messi\/","title":{"rendered":"Neymar se conmueve al recordar el apoyo que tuvo de Messi"},"content":{"rendered":"<p>SAO PAULO (ESPN) &#8211;\u00a0Neymar, delantero del\u00a0Par\u00eds Saint-Germain, revel\u00f3 al borde del llanto en una entrevista al programa brasile\u00f1o\u00a0<em>Esporte Espetacular<\/em>, el apoyo que recibi\u00f3 de Lionel Messi durante su estancia en el Barcelona.<\/p>\n<p>\u201cCuento esta historia para todo el mundo, que en el momento que m\u00e1s necesit\u00e9 de un apoyo, el hombre del equipo, el mejor del mundo, lleg\u00f3 y me dio cari\u00f1o\u201d.<\/p>\n<p>El delantero que se recupera de una lesi\u00f3n en su pa\u00eds, fue cuestionado sobre la supuesta petici\u00f3n de Messi, en su momento, de que regrese al conjunto azulgrana: \u201cEs dif\u00edcil, es dif\u00edcil, siendo sincero es muy dif\u00edcil porque Leo fue un tipo muy especial para m\u00ed en el Barcelona\u201d, reconoci\u00f3.<\/p>\n<p>\u2018Ney\u2019 abund\u00f3 que el argentino le dijo a su llegada al equipo que no fuera \u201ct\u00edmido\u201d y que no tuviera \u201cmiedo\u201d de \u00e9l, ni de \u201cnadie del club\u201d. \u201cEstoy aqu\u00ed para ayudarte\u201d, cont\u00f3 el atacante en el adelanto de la entrevista referida que se transmitir\u00e1 completa el pr\u00f3ximo 3 de marzo.<\/p>\n<aside class=\"inline inline-photo full\">\n<figure><picture><source srcset=\"https:\/\/a1.espncdn.com\/combiner\/i?img=%2Fphoto%2F2018%2F1122%2Fr467249_1296x729_16%2D9.jpg&amp;w=570&amp;format=jpg, https:\/\/a1.espncdn.com\/combiner\/i?img=%2Fphoto%2F2018%2F1122%2Fr467249_1296x729_16%2D9.jpg&amp;w=1140&amp;cquality=40&amp;format=jpg 2x\" media=\"(min-width: 376px)\" data-srcset=\"https:\/\/a1.espncdn.com\/combiner\/i?img=%2Fphoto%2F2018%2F1122%2Fr467249_1296x729_16%2D9.jpg&amp;w=570&amp;format=jpg, https:\/\/a1.espncdn.com\/combiner\/i?img=%2Fphoto%2F2018%2F1122%2Fr467249_1296x729_16%2D9.jpg&amp;w=1140&amp;cquality=40&amp;format=jpg 2x\" \/><source srcset=\"https:\/\/a1.espncdn.com\/combiner\/i?img=%2Fphoto%2F2018%2F1122%2Fr467249_1296x729_16%2D9.jpg&amp;w=375, https:\/\/a1.espncdn.com\/combiner\/i?img=%2Fphoto%2F2018%2F1122%2Fr467249_1296x729_16%2D9.jpg&amp;w=750&amp;cquality=40&amp;format=jpg 2x\" media=\"(max-width: 375px)\" data-srcset=\"https:\/\/a1.espncdn.com\/combiner\/i?img=%2Fphoto%2F2018%2F1122%2Fr467249_1296x729_16%2D9.jpg&amp;w=375, https:\/\/a1.espncdn.com\/combiner\/i?img=%2Fphoto%2F2018%2F1122%2Fr467249_1296x729_16%2D9.jpg&amp;w=750&amp;cquality=40&amp;format=jpg 2x\" \/><\/picture><\/figure>\n<p>Hace unos d\u00edas, el brasile\u00f1o de 27 a\u00f1os revel\u00f3 que la est\u00e1 pasando mal por una nueva lesi\u00f3n que lo tiene inactivo.<\/p>\n<p>&#8220;Esta vez tard\u00e9 m\u00e1s para digerirlo. Me qued\u00e9 unos dos d\u00edas en casa, mal, solo lloraba, realmente triste&#8221;.<\/p>\n<p>El camisa &#8217;10&#8217; del conjunto franc\u00e9s se recupera de una lesi\u00f3n en el quinto metatarsiano del pie derecho, el mismo hueso que se rompi\u00f3 la temporada pasada y del que fue operado en aquella ocasi\u00f3n.<\/p>\n<p>Neymar espera estar listo para disputar a mediados de abril los cuartos de final de la Liga de Campeones, siempre y cuando el PSG supere la ronda de octavos, despu\u00e9s de haber ganado por 0-2 en Old Trafford al Manchester United.<\/p>\n<\/aside>\n","protected":false},"excerpt":{"rendered":"<p>El delantero que se recupera de una lesi\u00f3n en su pa\u00eds, fue cuestionado sobre la supuesta petici\u00f3n de Messi, en su momento, de que regrese al conjunto azulgrana: \u201cEs dif\u00edcil, es dif\u00edcil, siendo sincero es muy dif\u00edcil porque Leo fue un tipo muy especial para m\u00ed en el Barcelona\u201d, reconoci\u00f3.<\/p>\n","protected":false},"author":16,"featured_media":49263,"comment_status":"closed","ping_status":"closed","sticky":false,"template":"","format":"standard","meta":[],"categories":[2,60],"tags":[],"acf":[],"_links":{"self":[{"href":"https:\/\/colimdo.org\/wp-api\/wp\/v2\/posts\/49262"}],"collection":[{"href":"https:\/\/colimdo.org\/wp-api\/wp\/v2\/posts"}],"about":[{"href":"https:\/\/colimdo.org\/wp-api\/wp\/v2\/types\/post"}],"author":[{"embeddable":true,"href":"https:\/\/colimdo.org\/wp-api\/wp\/v2\/users\/16"}],"replies":[{"embeddable":true,"href":"https:\/\/colimdo.org\/wp-api\/wp\/v2\/comments?post=49262"}],"version-history":[{"count":1,"href":"https:\/\/colimdo.org\/wp-api\/wp\/v2\/posts\/49262\/revisions"}],"predecessor-version":[{"id":49264,"href":"https:\/\/colimdo.org\/wp-api\/wp\/v2\/posts\/49262\/revisions\/49264"}],"wp:featuredmedia":[{"embeddable":true,"href":"https:\/\/colimdo.org\/wp-api\/wp\/v2\/media\/49263"}],"wp:attachment":[{"href":"https:\/\/colimdo.org\/wp-api\/wp\/v2\/media?parent=49262"}],"wp:term":[{"taxonomy":"category","embeddable":true,"href":"https:\/\/colimdo.org\/wp-api\/wp\/v2\/categories?post=49262"},{"taxonomy":"post_tag","embeddable":true,"href":"https:\/\/colimdo.org\/wp-api\/wp\/v2\/tags?post=49262"}],"curies":[{"name":"wp","href":"https:\/\/api.w.org\/{rel}","templated":true}]}}