{"id":49268,"date":"2019-02-25T20:41:02","date_gmt":"2019-02-25T20:41:02","guid":{"rendered":"https:\/\/colimdo.org\/?p=49268"},"modified":"2019-02-25T20:41:02","modified_gmt":"2019-02-25T20:41:02","slug":"fifa-busca-urgencia-pais-mundial-sub17-tras-quitar-la-sede-peru","status":"publish","type":"post","link":"https:\/\/colimdo.org\/noticias\/fifa-busca-urgencia-pais-mundial-sub17-tras-quitar-la-sede-peru\/","title":{"rendered":"FIFA busca de urgencia un pa\u00eds para el Mundial sub&#8217;17 tras quitar la sede a Per\u00fa"},"content":{"rendered":"<p class=\"canvas-atom canvas-text Mb(1.0em) Mb(0)--sm Mt(0.8em)--sm\">Lima, 25 feb (EFE).- La FIFA busca de urgencia un pa\u00eds para organizar el Mundial sub&#8217;17 tras quitarle este fin de semana la sede a Per\u00fa por supuestamente no garantizar la exoneraci\u00f3n de impuestos para las delegaciones participantes.<\/p>\n<p class=\"canvas-atom canvas-text Mb(1.0em) Mb(0)--sm Mt(0.8em)--sm\">El torneo debe disputarse del 5 al 27 de octubre con 24 selecciones, entre las que ya est\u00e1n clasificadas Australia, Corea del Sur, Jap\u00f3n, Nueva Zelanda y Tayikist\u00e1n.<\/p>\n<p class=\"canvas-atom canvas-text Mb(1.0em) Mb(0)--sm Mt(0.8em)--sm\">Con Per\u00fa despojado de la sede del torneo, la FIFA quiere aparentemente mantener el torneo en Sudam\u00e9rica, por lo que la soluci\u00f3n de urgencia que ha pensado es Brasil, que este mismo a\u00f1o tambi\u00e9n organizar\u00e1 en junio la Copa Am\u00e9rica, seg\u00fan informaron medios brasile\u00f1os.<\/p>\n<p class=\"canvas-atom canvas-text Mb(1.0em) Mb(0)--sm Mt(0.8em)--sm\">El nombre de Chile tambi\u00e9n fue puesto encima de la mesa por la propia Federaci\u00f3n Peruana de F\u00fatbol (FPF) cuando en septiembre se especulaba con la posibilidad de que Per\u00fa perdiese la sede ante la amenaza de la FIFA de suspenderlo si derogaba una ley que le daba a esta autonom\u00eda sobre la legislaci\u00f3n nacional.<\/p>\n<p class=\"canvas-atom canvas-text Mb(1.0em) Mb(0)--sm Mt(0.8em)--sm\">&#8220;Realmente podemos quedarnos sin la sede. La FIFA est\u00e1 monitoreando esta situaci\u00f3n. Lo perdemos y se lo entregar\u00e1n a Chile, es muy probable&#8221;, dijo el secretario general de la FPF, Juan Matute, en septiembre a la emisora RPP Noticias.<\/p>\n<p class=\"canvas-atom canvas-text Mb(1.0em) Mb(0)--sm Mt(0.8em)--sm\">Descartado parece estar Ruanda, el otro pa\u00eds junto a Per\u00fa que mostr\u00f3 intenciones de albergar el torneo, pero dio marcha atr\u00e1s al no poder garantizar todas las condiciones exigidas por la FIFA, lo que dej\u00f3 a la peruana como \u00fanica candidatura para acoger la competici\u00f3n.<\/p>\n<p class=\"canvas-atom canvas-text Mb(1.0em) Mb(0)--sm Mt(0.8em)--sm\">Per\u00fa recibi\u00f3 en marzo de 2018 la misi\u00f3n de organizar el Mundial sub&#8217;17, solicitado por la FPF desde el fulgor de la hist\u00f3rica clasificaci\u00f3n de la selecci\u00f3n peruana para disputar la Copa del Mundo de Rusia 2018.<\/p>\n<p class=\"canvas-atom canvas-text Mb(1.0em) Mb(0)--sm Mt(0.8em)--sm\">Ahora perdi\u00f3 la sede por razones contradictorias, pues la FIFA ha sido ambigua al brindar los motivos por los que dej\u00f3 al pa\u00eds sin el evento.<\/p>\n<p class=\"canvas-atom canvas-text Mb(1.0em) Mb(0)--sm Mt(0.8em)--sm\">Mientras en un comunicado oficial aleg\u00f3 &#8220;asuntos relativos a la organizaci\u00f3n y la infraestructura que afectan a la adecuada realizaci\u00f3n del torneo&#8221;, a la FPF le indic\u00f3 que se debe a la inseguridad sobre si las delegaciones estar\u00e1n exoneradas de impuestos durante el torneo.<\/p>\n<p class=\"canvas-atom canvas-text Mb(1.0em) Mb(0)--sm Mt(0.8em)--sm\">El ministro peruano de Educaci\u00f3n, Daniel Alfaro, cuya cartera maneja tambi\u00e9n el Instituto Peruano del Deporte (IPD), corrobor\u00f3 en medios locales que la raz\u00f3n principal fue el tratamiento de impuestos, uno de los ocho requisitos exigidos por la FIFA al pa\u00eds anfitri\u00f3n.<\/p>\n<p class=\"canvas-atom canvas-text Mb(1.0em) Mb(0)--sm Mt(0.8em)--sm\">Alfaro explic\u00f3 que el Ejecutivo peruano hab\u00eda cumplido con los otros siete puntos y que la exoneraci\u00f3n de impuestos estaba en tr\u00e1mite con un proyecto de ley que iba a ser presentado al Congreso para su correspondiente aprobaci\u00f3n.<\/p>\n<p class=\"canvas-atom canvas-text Mb(1.0em) Mb(0)--sm Mt(0.8em)--sm\">En total ser\u00e1n 186 millones de soles (unos 56 millones de d\u00f3lares) que las autoridades peruanas dejar\u00e1n de invertir en el torneo y en los estadios donde el campeonato se iba a disputar.<\/p>\n<p class=\"canvas-atom canvas-text Mb(1.0em) Mb(0)--sm Mt(0.8em)--sm\">Per\u00fa ya ten\u00eda definidos casi todos los seis estadios del torneo, entre ellos el Nacional, de Lima; el Mansiche, de Trujillo; el Miguel Grau, de Piura, y el Jorge Basadre, de Tacna.<\/p>\n<p class=\"canvas-atom canvas-text Mb(1.0em) Mb(0)--sm Mt(0.8em)--sm\">Todos ellos est\u00e1n casi a nivel del mar, pues la FIFA quiso evitar ciudades situadas en altitud como Cusco o Arequipa, seg\u00fan se\u00f1al\u00f3 la pasada semana el jefe de Desarrollo de la FPF, Guillermo Echevarr\u00eda.<\/p>\n<p class=\"canvas-atom canvas-text Mb(1.0em) Mb(0)--sm Mt(0.8em)--sm\">As\u00ed fue como Per\u00fa se qued\u00f3 sin organizar el segundo Mundial sub&#8217;17 de su historia, tras haberlo acogido en 2005 cuando M\u00e9xico sali\u00f3 campe\u00f3n, aunque sus autoridades deportivas han manifestado su intenci\u00f3n de acoger otro torneo de las mismas caracter\u00edsticas en los pr\u00f3ximos a\u00f1os.<\/p>\n<p class=\"canvas-atom canvas-text Mb(1.0em) Mb(0)--sm Mt(0.8em)--sm\">Por lo pronto, han asegurado que el Sudamericano sub&#8217;17 de marzo pr\u00f3ximo, que ser\u00e1 clasificatorio para el Mundial, s\u00ed se disputar\u00e1 en Lima, con el estadio de la Universidad Nacional Mayor de San Marcos como escenario \u00fanico.<\/p>\n","protected":false},"excerpt":{"rendered":"<p>El torneo debe disputarse del 5 al 27 de octubre con 24 selecciones, entre las que ya est\u00e1n clasificadas Australia, Corea del Sur, Jap\u00f3n, Nueva Zelanda y Tayikist\u00e1n.<\/p>\n","protected":false},"author":16,"featured_media":49269,"comment_status":"closed","ping_status":"closed","sticky":false,"template":"","format":"standard","meta":[],"categories":[2,60],"tags":[],"acf":[],"_links":{"self":[{"href":"https:\/\/colimdo.org\/wp-api\/wp\/v2\/posts\/49268"}],"collection":[{"href":"https:\/\/colimdo.org\/wp-api\/wp\/v2\/posts"}],"about":[{"href":"https:\/\/colimdo.org\/wp-api\/wp\/v2\/types\/post"}],"author":[{"embeddable":true,"href":"https:\/\/colimdo.org\/wp-api\/wp\/v2\/users\/16"}],"replies":[{"embeddable":true,"href":"https:\/\/colimdo.org\/wp-api\/wp\/v2\/comments?post=49268"}],"version-history":[{"count":1,"href":"https:\/\/colimdo.org\/wp-api\/wp\/v2\/posts\/49268\/revisions"}],"predecessor-version":[{"id":49270,"href":"https:\/\/colimdo.org\/wp-api\/wp\/v2\/posts\/49268\/revisions\/49270"}],"wp:featuredmedia":[{"embeddable":true,"href":"https:\/\/colimdo.org\/wp-api\/wp\/v2\/media\/49269"}],"wp:attachment":[{"href":"https:\/\/colimdo.org\/wp-api\/wp\/v2\/media?parent=49268"}],"wp:term":[{"taxonomy":"category","embeddable":true,"href":"https:\/\/colimdo.org\/wp-api\/wp\/v2\/categories?post=49268"},{"taxonomy":"post_tag","embeddable":true,"href":"https:\/\/colimdo.org\/wp-api\/wp\/v2\/tags?post=49268"}],"curies":[{"name":"wp","href":"https:\/\/api.w.org\/{rel}","templated":true}]}}