{"id":49277,"date":"2019-02-25T21:15:17","date_gmt":"2019-02-25T21:15:17","guid":{"rendered":"https:\/\/colimdo.org\/?p=49277"},"modified":"2019-02-25T21:13:21","modified_gmt":"2019-02-25T21:13:21","slug":"robinson-chalapud-conquista-la-primera-etapa-vuelta-ciclista","status":"publish","type":"post","link":"https:\/\/colimdo.org\/noticias\/robinson-chalapud-conquista-la-primera-etapa-vuelta-ciclista\/","title":{"rendered":"Robinson Chalapud conquista primera\u00a0etapa\u00a0Vuelta\u00a0Ciclista Independencia"},"content":{"rendered":"<p><span lang=\"ES-DO\">SANTO DOMINGO. El pedalista Robinson Chalapud se convirti\u00f3 este lunes en el gran ganador de la primera etapa de la edici\u00f3n 40 de la Vuelta\u00a0Ciclista\u00a0<\/span>Independencia, certamen realizado en el trayecto San Crist\u00f3bal- Ban\u00ed y San Jos\u00e9 de Ocoa, teniendo un recorrido de\u00a0\u00a0120 kil\u00f3metros.<\/p>\n<p><span lang=\"ES-DO\">Chalapud, nativo de Colombia, quien compite para el seleccionado de Medell\u00edn logr\u00f3 tomar posesi\u00f3n de la etapa en los kil\u00f3metros finales cuando el lote se dispon\u00eda a escalar la altura de Ocoa, provincia que por primera vez recibe la llegada del magno certamen, que fue esperado por cientos de residentes de esta demarcaci\u00f3n.<\/span><\/p>\n<p><span lang=\"ES-DO\">Como un gran regocijo venir a participar en esta justa y de inmediato apoderarse de la primera etapa, as\u00ed valor\u00f3 Chalapud el triunfo que reci\u00e9n acaba de registrar y de inmediato brindarle a su selecci\u00f3n la vanguardia en el evento que reci\u00e9n acaba de iniciar.<\/span><\/p>\n<p><span lang=\"ES-DO\">El triunfador se mantuvo a la vanguardia de la competencia en los \u00faltimos kil\u00f3metros de la prueba y otro de su compa\u00f1ero de selecci\u00f3n, Oscar Sevilla se apoderaba de la segunda posici\u00f3n.<\/span><\/p>\n<p><span lang=\"ES-DO\">Chalapud lider\u00f3 un lote de unos diez pedalistas que arribaron a la meta con el mismo tiempo, el cual fue de tres horas, seis minutos y 43 segundos, otro miembro del equipo de Medell\u00edn, Robigzon\u00a0\u00a0Oyola concluy\u00f3 en la quinta posici\u00f3n.<\/span><\/p>\n<p><span lang=\"ES-DO\">El tercer puesto fue para Alonso Gamero, de la selecci\u00f3n de Sur Am\u00e9rica, el cuarto correspondi\u00f3 a Steven Cuesta, de la selecci\u00f3n de Bolivia, Oyola fue quinto,\u00a0\u00a0Stephan Bakker, de la selecci\u00f3n Global Cycling Holland logr\u00f3 el sexto e Ismael S\u00e1nchez, de Aero Cycling Team alcanz\u00f3 el s\u00e9ptimo puesto. Ismael fue el \u00fanico dominicano clasificado entre los mejores 10.<\/span><\/p>\n<p><span lang=\"ES-DO\">Clasificaci\u00f3n de monta\u00f1a<\/span><\/p>\n<p><span lang=\"ES-DO\">Tan pronto como en la primera etapa hubo clasificaciones de monta\u00f1a , ambas fueron ganadas por Chalapud, quien acumula 10 puntos, John Nava, de Venezuela logr\u00f3 los dos segundos lugares para registrar ocho, Rafael Mer\u00e1n, de ACT tiene tres y Cristhian Montoya, de Medell\u00edn tambi\u00e9n cuenta con tres.<\/span><\/p>\n<p><span lang=\"ES-DO\">Metas Volantes<\/span><\/p>\n<p><span lang=\"ES-DO\">En la prueba hubo tres metas volantes y los triunfadores Richard Huera, del Team Saitel la primera con Diego Mil\u00e1n, de Inteja en el segundo lugar. La segunda fue obtenida por Michel De la Cruz, de Eda Evoluci\u00f3n, con Mois\u00e9s Selman, de DTG en el segundo puesto y Norlandys Taveras, de ACT en tercero. Cristopher Jurado fue el ganador de la tercera, Harol Tejada fue segundo.<\/span><\/p>\n<p><span lang=\"ES-DO\">Por puntos y equipos<\/span><\/p>\n<p><span lang=\"ES-DO\">Chalapud lidera la primera etapa con 25 puntos, siendo seguido por Sevilla con 20 y Gamero cuenta con 16, Cuesta es cuarto con 14 puntos.<\/span><\/p>\n<p><span lang=\"ES-DO\">Por Equipos, el Team Medell\u00edn encabeza con 9:22;14, el Deprisa Bolivia es segundo a 57 segundos, al igual que Global Cycling Holland, la selecci\u00f3n de Venezuela es cuarto a 1:06 minutos y el Team Saitel est\u00e1 a 1:14 minutos.<\/span><\/p>\n<p><span lang=\"ES-DO\">La clasificaci\u00f3n general Sub 23 es liderada por Abner Gonz\u00e1lez, ocupando Luis L\u00f3pez el segundo ligar y Leonel Quintero figura en tercero.<\/span><\/p>\n<p><span lang=\"ES-DO\">Ceremonia de apertura<\/span><\/p>\n<p><span lang=\"ES-DO\">La edici\u00f3n 40 de la Vuelta Ciclista inici\u00f3 a las 9:00 de la ma\u00f1ana con la entonaci\u00f3n del himno, luego hubo palabras de Luis Mej\u00eda Oviedo, presidente del Comit\u00e9 Ol\u00edmpico Dominicano, Danilo D\u00edaz, Ministro de Deportes, as\u00ed como Jorge Blas D\u00edaz, presidente de la Federaci\u00f3n Dominicana de Ciclismo.<\/span><\/p>\n<p><span lang=\"ES-DO\">En sus palabras los tres abogaron por el gran \u00e9xito de la justa y el hecho de que el ciclismo dominicano se encuentre celebrando sus 40 a\u00f1os de celebraci\u00f3n de este evento que cada vez se torneo m\u00e1s fuerte e incluso con categor\u00eda 2.2 avalado por la Uni\u00f3n Ciclista Internacional.<\/span><\/p>\n<p><span lang=\"ES-DO\">Durante la actividad se entreg\u00f3 una placa de reconocimiento al periodista H\u00e9ctor J. Cruz, Editor Deportivo del List\u00edn Diario y a quien est\u00e1 dedicado el certamen. Cruz agradeci\u00f3 a la Federaci\u00f3n de Ciclismo por el gesto de dedicarle el magno evento.<\/span><\/p>\n<p><span lang=\"ES-DO\">Precisamente Cruz fue en 1978 uno de los promotores de la celebraci\u00f3n de la primera versi\u00f3n de la Vuelta Ciclista Nacional, junto con un grupo de pujantes hombres de esta disciplina. Cruz dio el banderazo que dej\u00f3 iniciada la versi\u00f3n 40 del giro.<\/span><\/p>\n<p><span lang=\"ES-DO\">\u201cEramos muy j\u00f3venes cuando en aquel entonces Tommy Fern\u00e1ndez, Ram\u00f3n, Vidal, Guillermo saleta, Genaro Mercedes Luis me dijeron que necesitaba que fuera parte de este gran proyecto que era dar apertura a la Vuelta Ciclista Independencia y que bueno que ha valido la pena, pues festejar 40 a\u00f1os es el mejor term\u00f3metro del \u00e9xito que ha sido.<\/span><\/p>\n<p><span lang=\"ES-DO\">Jos\u00e9 Pel\u00e1ez, presidente de la Confederaci\u00f3n panamericana de Ciclismo, Milka Hern\u00e1ndez, del Ministerio de Turismo, Gary Bautista, presidente de la Federaci\u00f3n de Softbol estuvieron entre los asistentes.<\/span><\/p>\n<p><span lang=\"ES-DO\">Etapa<\/span><span lang=\"ES-DO\">\u00a0de este martes<\/span><\/p>\n<p><span lang=\"ES-DO\">Para este martes est\u00e1 programada la segunda etapa, la misma saldr\u00e1 a las nueve de la ma\u00f1ana desde el Ayuntamiento del Distrito Nacional a las 9:00 de la ma\u00f1ana y recorrer\u00e1 las localidades de Boca Chica, Juan Dolio, San Pedro de Macor\u00eds hasta llegar a la Romana. La distancia a recorrer ser\u00e1 de 150 kil\u00f3metros.<\/span><\/p>\n","protected":false},"excerpt":{"rendered":"<p>El colombiano realiz\u00f3 tiempo de 3:06;43 en la apertura que comprendi\u00f3 una etapa que culmin\u00f3 en las alturas de San Jos\u00e9 de Ocoa.<\/p>\n","protected":false},"author":16,"featured_media":49278,"comment_status":"closed","ping_status":"closed","sticky":false,"template":"","format":"standard","meta":[],"categories":[2,60],"tags":[],"acf":[],"_links":{"self":[{"href":"https:\/\/colimdo.org\/wp-api\/wp\/v2\/posts\/49277"}],"collection":[{"href":"https:\/\/colimdo.org\/wp-api\/wp\/v2\/posts"}],"about":[{"href":"https:\/\/colimdo.org\/wp-api\/wp\/v2\/types\/post"}],"author":[{"embeddable":true,"href":"https:\/\/colimdo.org\/wp-api\/wp\/v2\/users\/16"}],"replies":[{"embeddable":true,"href":"https:\/\/colimdo.org\/wp-api\/wp\/v2\/comments?post=49277"}],"version-history":[{"count":2,"href":"https:\/\/colimdo.org\/wp-api\/wp\/v2\/posts\/49277\/revisions"}],"predecessor-version":[{"id":49280,"href":"https:\/\/colimdo.org\/wp-api\/wp\/v2\/posts\/49277\/revisions\/49280"}],"wp:featuredmedia":[{"embeddable":true,"href":"https:\/\/colimdo.org\/wp-api\/wp\/v2\/media\/49278"}],"wp:attachment":[{"href":"https:\/\/colimdo.org\/wp-api\/wp\/v2\/media?parent=49277"}],"wp:term":[{"taxonomy":"category","embeddable":true,"href":"https:\/\/colimdo.org\/wp-api\/wp\/v2\/categories?post=49277"},{"taxonomy":"post_tag","embeddable":true,"href":"https:\/\/colimdo.org\/wp-api\/wp\/v2\/tags?post=49277"}],"curies":[{"name":"wp","href":"https:\/\/api.w.org\/{rel}","templated":true}]}}