{"id":49281,"date":"2019-02-25T21:11:24","date_gmt":"2019-02-25T21:11:24","guid":{"rendered":"https:\/\/colimdo.org\/?p=49281"},"modified":"2019-02-25T21:11:24","modified_gmt":"2019-02-25T21:11:24","slug":"mide-celebra-carrera-fomentar-deporte-practica-salud","status":"publish","type":"post","link":"https:\/\/colimdo.org\/noticias\/mide-celebra-carrera-fomentar-deporte-practica-salud\/","title":{"rendered":"MIDE celebra carrera para fomentar el deporte como pr\u00e1ctica de salud"},"content":{"rendered":"<p class=\"x_MsoNormal\"><span lang=\"ES-DO\">SANTO DOMINGO.-Superando las expectativas el Ministerio de Defensa (MIDE) celebr\u00f3, este domingo, su 3ra. Carrera 5K y 10K, en la cual m\u00e1s de dos mil (2,000) corredores de diferentes edades participaron en las distintas categor\u00edas de la competencia con la que las Fuerzas Armadas honran el natalicio del Patrio Ram\u00f3n Mat\u00edas Mella.<\/span><\/p>\n<p class=\"x_MsoNormal\"><span lang=\"ES-DO\">Tras la actividad, el ministro de Defensa Teniente General, ERD, Rub\u00e9n Dar\u00edo Paulino Sem calific\u00f3 el evento como \u201cexitoso porque superamos las expectativas de participaci\u00f3n con m\u00e1s de dos mil corredores, entre civiles y militares integrantes de las distintas instituciones castrenses y de los cuerpos especializados del MIDE.<\/span><\/p>\n<p class=\"x_MsoNormal\"><span lang=\"ES-DO\"> \u201cCon esta carrera, que es una competencia, nuestro ministerio de Defensa tiene el objetivo de acercar las Fuerzas Armadas a la poblaci\u00f3n fomentando el deporte como una pr\u00e1ctica de salud, inspirando a la juventud para que se aleje de los vicios\u201d, dijo Paulino Sem.<\/span><\/p>\n<p class=\"x_MsoNormal\"><span lang=\"ES-DO\">La competencia inici\u00f3 a las 7:00 AM de la ma\u00f1ana\u00a0 con los corredores de los 10K y diez minutos m\u00e1s tarde partieron los participantes de todas las edades en la carrera 5K. Luego iniciaron el recorrido los batallones y pelotones representantes de las instituciones militares.<b><\/b><\/span><\/p>\n<p class=\"x_MsoNormal\"><span lang=\"ES-DO\">En la categor\u00eda Overall masculino los ganadores del 1ro., 2do y\u00a0 3er. lugar\u00a0 fueron\u00a0<b>Gilberto Santana\u00a0<\/b>del ERD,\u00a0<b>Amauris Rodr\u00edguez\u00a0<\/b>de la FARD y\u00a0<b>Jes\u00fas S\u00e1nchez<\/b>\u00a0de la\u00a0 FARD, respectivamente; mientras que en femenino los primeros lugares correspondieron a\u00a0<b>Soranyi Rodr\u00edguez<\/b>\u00a0 y\u00a0<b>Dermi Padilla,<\/b>\u00a0del ERD y el tercer lugar\u00a0 a\u00a0<b>Jordanai D\u00edaz.<\/b>\u00a0de la FARD.<\/span><\/p>\n<p class=\"x_MsoNormal\"><span lang=\"ES-DO\">En la categor\u00eda de Cuerpo Especializado, result\u00f3 ganador el pelot\u00f3n del\u00a0Cuerpo Especializado de Seguridad Tur\u00edstica (<em>CESTUR<\/em>); y de las\u00a0 Fuerzas Especiales el Comando de Fuerzas Especiales de la FARD. En\u00a0la categor\u00eda de academia gan\u00f3 de la Fuerza A\u00e9rea de Rep\u00fablica Dominicana, \u201cGeneral de Brigada Piloto Frank A. Feliz Miranda\u201d.<\/span><\/p>\n<p class=\"x_MsoNormal\"><span lang=\"ES-DO\">En la competencia, participaron\u00a0 pelotones representante de las academias\u00a0 Batalla de Las Carreras, Naval, A\u00e9rea y de la Polic\u00eda Nacional. Tambi\u00e9n los Escorpiones del ERD, los Halcones de Fuerzas Especiales; los Swat, el Cuerpo de Seguridad Presidencial (CUSEP), del CESTUR, SEMPA, entre otros.<\/span><\/p>\n<p class=\"x_MsoNormal\"><span lang=\"ES-DO\">La parte art\u00edstica del evento fue amenizada por diversos artistas nacionales representantes del g\u00e9nero urbano y de la bachata. Varias comparsas de\u00a0 Diablos Cojuelos se exhibieron durante el evento en representaci\u00f3n del Carnaval de La Vega compartiendo y tom\u00e1ndose fotos con los asistentes.<\/span><\/p>\n<p class=\"x_MsoNormal\"><span lang=\"ES-DO\">En la actividad\u00a0 estuvo presente el alto mando militar, oficiales superiores y oficiales subalternos as\u00ed como alistados y un gran p\u00fablico que asisti\u00f3 para disfrutar de la competencia y las atracciones del evento.<\/span><\/p>\n<p class=\"x_MsoNormal\"><span lang=\"ES-DO\">Cont\u00f3 con el patrocinio de la Cervecer\u00eda Vegana, Cervecer\u00eda Nacional Dominicana, Ambev Dominicana, Rotulpak, Direcci\u00f3n General de Aduanas, MERCASID, Grupo Rica, Induveca, M. A., SRL., Grupo Manuel Corripio, SAS., Sued &amp; Fargesa, Induban (Caf\u00e9 Santo Domingo) y Laboratorios Mallen.<\/span><\/p>\n<p class=\"x_MsoNormal\"><span lang=\"ES-DO\">\u00a0<\/span><\/p>\n","protected":false},"excerpt":{"rendered":"<p>Tras la actividad, el ministro de Defensa Teniente General, ERD, Rub\u00e9n Dar\u00edo Paulino Sem calific\u00f3 el evento como \u201cexitoso porque superamos las expectativas de participaci\u00f3n con m\u00e1s de dos mil corredores, entre civiles y militares integrantes de las distintas instituciones castrenses y de los cuerpos especializados del MIDE.<\/p>\n","protected":false},"author":16,"featured_media":49282,"comment_status":"closed","ping_status":"closed","sticky":false,"template":"","format":"standard","meta":[],"categories":[2,60],"tags":[],"acf":[],"_links":{"self":[{"href":"https:\/\/colimdo.org\/wp-api\/wp\/v2\/posts\/49281"}],"collection":[{"href":"https:\/\/colimdo.org\/wp-api\/wp\/v2\/posts"}],"about":[{"href":"https:\/\/colimdo.org\/wp-api\/wp\/v2\/types\/post"}],"author":[{"embeddable":true,"href":"https:\/\/colimdo.org\/wp-api\/wp\/v2\/users\/16"}],"replies":[{"embeddable":true,"href":"https:\/\/colimdo.org\/wp-api\/wp\/v2\/comments?post=49281"}],"version-history":[{"count":1,"href":"https:\/\/colimdo.org\/wp-api\/wp\/v2\/posts\/49281\/revisions"}],"predecessor-version":[{"id":49283,"href":"https:\/\/colimdo.org\/wp-api\/wp\/v2\/posts\/49281\/revisions\/49283"}],"wp:featuredmedia":[{"embeddable":true,"href":"https:\/\/colimdo.org\/wp-api\/wp\/v2\/media\/49282"}],"wp:attachment":[{"href":"https:\/\/colimdo.org\/wp-api\/wp\/v2\/media?parent=49281"}],"wp:term":[{"taxonomy":"category","embeddable":true,"href":"https:\/\/colimdo.org\/wp-api\/wp\/v2\/categories?post=49281"},{"taxonomy":"post_tag","embeddable":true,"href":"https:\/\/colimdo.org\/wp-api\/wp\/v2\/tags?post=49281"}],"curies":[{"name":"wp","href":"https:\/\/api.w.org\/{rel}","templated":true}]}}